{"id":1211,"date":"2009-02-10T07:56:23","date_gmt":"2009-02-10T12:56:23","guid":{"rendered":"http:\/\/emergenceweb.com\/blog\/?p=1211"},"modified":"2009-02-10T07:56:23","modified_gmt":"2009-02-10T12:56:23","slug":"les-25-stars-du-web-quebecois-ma-liste-de-suggestionsmaj","status":"publish","type":"post","link":"https:\/\/emergenceweb.com\/blog\/2009\/02\/les-25-stars-du-web-quebecois-ma-liste-de-suggestionsmaj\/","title":{"rendered":"Les 25 stars du Web qu\u00e9b\u00e9cois: Ma liste de suggestions\u2026(MAJ finale)"},"content":{"rendered":"<p>Notre coll\u00e8gue et amie <a href=\"http:\/\/www.michelleblanc.com\/2009\/02\/08\/quelles-sont-vos-stars-du-web-quebecois\/\" target=\"_blank\">Michelle Blanc sera demain matin \u00e0 Radio Canada <\/a>pour tenter d\u2019\u00e9tablir une liste des 25 personnes qui comptent dans le Web au Qu\u00e9bec. Comme le dit si bien <a href=\"http:\/\/www.nayezpaspeur.ca\/blog\/2009\/02\/les_25_stars_du_web_quebecois_ma_liste_de_suggesti.html\">Philippe Martin<\/a> dans son billet qui d\u00e9finit sa propre liste, c\u2019est une difficile t\u00e2che qui va susciter beaucoup de commentaires et de controverses. Car comme le mentionne Michelle sur son blog:\u00ab <em>Les crit\u00e8res sont vagues, flous et subjectifs et tournent autour de l\u2019influence per\u00e7ue, de l\u2019apport qu\u2019ils ont donn\u00e9 au Web et \u00e0 sa communaut\u00e9 ou des sentiers imbattus qu\u2019ils ont d\u00e9frich\u00e9s.<\/em>\u00bb<\/p>\n<p>Comme Philippe, je n\u2019aime pas tellement le concept de vedettariat et de \u00abstardom\u00bb comme disent les \u00abRicains\u00ab. Pour moi, le terme qui me met le plus \u00e0 l\u2019aise est \u00abinfluenceur\u00bb\u2026 Pour \u00e9tablir cette liste, j\u2019ai fait comme l\u2019ami Phil et essay\u00e9 d\u2019appliquer un filtre bas\u00e9 sur le professionnalisme, l\u2019innovation, la communication et<strong> l\u2019engagement dans des projets et des communaut\u00e9<\/strong>s. Donc voici ma liste pas objective (dont je m\u2019exclue) de ceux et celles qui ont marqu\u00e9 le Web qu\u00e9b\u00e9cois, ces derniers temps :<\/p>\n<p><span lang=\"EN-CA\">&#8211; Yves Williams : <\/span><a href=\"http:\/\/www.yveswilliams.com\/blogue\/\"><span lang=\"EN-CA\">Blog<\/span><\/a><span lang=\"EN-CA\"> &#8211; AgentSolo<\/span><\/p>\n<p><span lang=\"EN-CA\">&#8211; Ren\u00e9 Barsalo : SAT<\/span><\/p>\n<p>&#8211; Laurent Maisonnave ;<a href=\"http:\/\/www.zelaurent.com\/\"> blog<\/a> &#8211; Ile-sans-fil &#8211; Podcamp<\/p>\n<p>&#8211; Sandrine Prom Tep <a href=\"http:\/\/www.ergonomia.ca\/\">Blog<\/a> &#8211; Utilisabilit\u00e9 Qu\u00e9bec &#8211; HEC<\/p>\n<p><span lang=\"EN-CA\">&#8211; Denis  Boudreau &#8211; <\/span><a href=\"http:\/\/www.cybercodeur.net\/\"><span lang=\"EN-CA\">Blog<\/span><\/a><span lang=\"EN-CA\"> &#8211; W3Qu\u00e9bec<\/span><\/p>\n<p>&#8211; Michelle Blanc \u2013 <a href=\"http:\/\/www.michelleblanc.com\/\">Blog<\/a> \u2013 Yulbiz- le Guignol\u00e9e des blogueurs<\/p>\n<p><span lang=\"EN-CA\">&#8211; Patrick Tanguay: <\/span><a href=\"http:\/\/i.never.nu\/\" target=\"_blank\"><span lang=\"EN-CA\">blog<\/span><\/a><span lang=\"EN-CA\"> &#8211; Station C &#8211; Yulblog<\/span><\/p>\n<p>&#8211; Isabelle Lopez : <a href=\"http:\/\/isabellelopez.com\/\">blog<\/a> &#8211; Zap-Qu\u00e9bec &#8211; MA14<\/p>\n<p>&#8211; Caroline Allard: <a href=\"http:\/\/www.trashindigne.blogspot.com\/\" target=\"_blank\">Blog<\/a> &#8211; Exvisu &#8211; Auteure<\/p>\n<p>&#8211; Mario Asselin: <a href=\"http:\/\/carnets.opossum.ca\/\" target=\"_blank\">Blog<\/a> &#8211; Opossum &#8211; Pourquoi Bloguer &#8211; Zap Qu\u00e9bec<\/p>\n<p>&#8211; Sylvain Carle : <a href=\"http:\/\/www.afroginthevalley.com\/fr\/\" target=\"_blank\">Blog<\/a> &#8211; Praized &#8211; Webcamp &#8211; Pourquoi bloguer<\/p>\n<p>&#8211; S\u00e9bastien Provencher: <a href=\"http:\/\/blogs.praized.com\/seb\/\" target=\"_blank\">blog<\/a> &#8211; Praized<\/p>\n<p>&#8211; Carl-Fr\u00e9d\u00e9ric De Celles: <a href=\"http:\/\/www.circacfd.com\/\" target=\"_blank\">Blog<\/a> &#8211; Xmedia &#8211; Buzzz.tv<\/p>\n<p>&#8211; Philippe Leroux: <a href=\"http:\/\/www.indice-commerce-electronique.qc.ca\/\" target=\"_blank\">Indice du commerce \u00e9lectronique<\/a> &#8211; VDL2<\/p>\n<p>&#8211; Martin Ouelette:\u00a0 <a href=\"http:\/\/blog.provokat.ca\/\" target=\"_blank\">blog<\/a> &#8211; Pourquoi bloguer &#8211; Provokat<\/p>\n<p><span lang=\"EN-CA\">&#8211; Michelle  Sullivan: <\/span><a href=\"http:\/\/michellesullivan.ca\/\" target=\"_blank\"><span lang=\"EN-CA\">blog<\/span><\/a><span lang=\"EN-CA\"> &#8211; Third Tuesday &#8211; Podcamp<\/span><\/p>\n<p>&#8211; Martin Lessard: <a href=\"http:\/\/zeroseconde.blogspot.com\/\" target=\"_blank\">blog<\/a> &#8211; Yulbiz &#8211; Pourquoi bloguer &#8211; Webcamp<\/p>\n<p>&#8211; Marie-Chantal Turgeon: <a href=\"http:\/\/mcturgeon.com\/blog\/\" target=\"_blank\">blog<\/a> &#8211; Pourquoi bloguer &#8211; Creacamp<\/p>\n<p>&#8211; Mitch Joel: <a href=\"http:\/\/www.twistimage.com\/blog\/\" target=\"_blank\">blog<\/a> &#8211; Podcamp &#8211; SixPixels<\/p>\n<p>&#8211; Radio-Canada sur le web:\u00a0 <a href=\"http:\/\/www.guglielminetti.com\/\">Bruno Guglielminetti<\/a><\/p>\n<p>&#8211; Evan Prodromou: <a href=\"http:\/\/wikitravel.org\/fr\/Accueil\" target=\"_blank\">Wikitravel<\/a> &#8211; <a href=\"http:\/\/identi.ca\/\" target=\"_blank\">identi.ca<\/a><\/p>\n<p>&#8211; Philippe Martin : <a href=\"http:\/\/zeroseconde.blogspot.com\/\" target=\"_blank\">blog<\/a> &#8211; Yulbiz &#8211; Pourquoi bloguer &#8211; La fabrique de blogues<br \/>\n<a href=\"http:\/\/blogue.biotope.ca\/\" target=\"_blank\"><br \/>\n<\/a><a href=\"http:\/\/blogue.biotope.ca\/\" target=\"_blank\"><\/a>&#8211; Sylvain Grandmaison : <a href=\"http:\/\/quebecbalado.com\/\" target=\"_blank\">blog<\/a> &#8211; Podcamp<\/p>\n<p>MAJ<\/p>\n<p>Co\u00efncidence ou pas, une des personnes de ma liste en a demand\u00e9 le retrait (comme pour Philippe). Je respecte bien s\u00fbr cette demande et en profite pour rajouter une <a href=\"http:\/\/yulbiz.org\/\" target=\"_blank\">Yulbizeuse<\/a> en \u00e9change, soit\u00a0 <a href=\"http:\/\/blog.kimvallee.com\/\" target=\"_blank\">Kim Vall\u00e9e<\/a>.<\/p>\n<p>Voici les listes de<a href=\"http:\/\/www.nayezpaspeur.ca\/blog\/2009\/02\/les_25_stars_du_web_quebecois_ma_liste_de_suggesti.html#comments\"> Philippe Martin<\/a>, <a href=\"http:\/\/www.michelleblanc.com\/2009\/02\/10\/le-classement-de-mes-25-celebrites-web-du-quebec\/\" target=\"_blank\">Michelle Blanc<\/a> et <a href=\"http:\/\/www.radio-canada.ca\/radio\/techno\/commentaires-114901.shtml#\" target=\"_blank\">Bruno Guglielminetti<\/a>. Le r\u00e9sultat final consensuel <a href=\"http:\/\/www.radio-canada.ca\/radio\/christiane\/modele-document.asp?docnumero=74117&amp;numero=1880#\" target=\"_blank\">est accessible ici<\/a> sur le site de l&rsquo;\u00e9mission de Christiane Charette. Bon, on est pass\u00e9 de 25 \u00e0 10 noms. Je n&rsquo;en fais pas partie, un peu surpris mais pas offusqu\u00e9 car la principale reconnaissance vient de mes lecteurs fid\u00e8les et assid\u00fbs. Un grand merci tout de m\u00eame aux trois experts pour leur initiative que certains contestent et contesteront. \u00c0 chacun(e) son combat&#8230;<\/p>\n","protected":false},"excerpt":{"rendered":"<p>Notre coll\u00e8gue et amie Michelle Blanc sera demain matin \u00e0 Radio Canada pour tenter d\u2019\u00e9tablir une liste des 25 personnes qui comptent dans le Web au Qu\u00e9bec. Comme le dit si bien Philippe Martin dans son billet qui d\u00e9finit sa propre liste, c\u2019est une difficile t\u00e2che qui va susciter beaucoup de commentaires et de controverses. Car comme le mentionne Michelle sur son blog:\u00ab Les crit\u00e8res sont vagues, flous et subjectifs et tournent autour de l\u2019influence per\u00e7ue, de l\u2019apport qu\u2019ils ont donn\u00e9 au Web et \u00e0 sa communaut\u00e9 ou des sentiers imbattus qu\u2019ils ont d\u00e9frich\u00e9s.\u00bb Comme Philippe, je n\u2019aime pas tellement le concept de vedettariat et de \u00abstardom\u00bb comme disent les \u00abRicains\u00ab. Pour moi, le terme qui me met le plus \u00e0 l\u2019aise est \u00abinfluenceur\u00bb\u2026 Pour \u00e9tablir cette liste, j\u2019ai fait comme l\u2019ami Phil et essay\u00e9 d\u2019appliquer un filtre bas\u00e9 sur le professionnalisme, l\u2019innovation, la communication et l\u2019engagement dans des projets et des communaut\u00e9s. Donc voici ma liste pas objective (dont je m\u2019exclue) de ceux et celles qui ont marqu\u00e9 le Web qu\u00e9b\u00e9cois, ces derniers temps : &#8211; Yves Williams : Blog &#8211; AgentSolo &#8211; Ren\u00e9 Barsalo : SAT &#8211; Laurent Maisonnave ; blog &#8211; Ile-sans-fil &#8211; Podcamp &#8211; Sandrine Prom [&hellip;]<\/p>\n","protected":false},"author":1,"featured_media":0,"comment_status":"open","ping_status":"open","sticky":false,"template":"","format":"standard","meta":{"_monsterinsights_skip_tracking":false,"_monsterinsights_sitenote_active":false,"_monsterinsights_sitenote_note":"","_monsterinsights_sitenote_category":0,"footnotes":""},"categories":[7],"tags":[],"class_list":["post-1211","post","type-post","status-publish","format-standard","hentry","category-communication-interactive"],"_links":{"self":[{"href":"https:\/\/emergenceweb.com\/blog\/wp-json\/wp\/v2\/posts\/1211"}],"collection":[{"href":"https:\/\/emergenceweb.com\/blog\/wp-json\/wp\/v2\/posts"}],"about":[{"href":"https:\/\/emergenceweb.com\/blog\/wp-json\/wp\/v2\/types\/post"}],"author":[{"embeddable":true,"href":"https:\/\/emergenceweb.com\/blog\/wp-json\/wp\/v2\/users\/1"}],"replies":[{"embeddable":true,"href":"https:\/\/emergenceweb.com\/blog\/wp-json\/wp\/v2\/comments?post=1211"}],"version-history":[{"count":0,"href":"https:\/\/emergenceweb.com\/blog\/wp-json\/wp\/v2\/posts\/1211\/revisions"}],"wp:attachment":[{"href":"https:\/\/emergenceweb.com\/blog\/wp-json\/wp\/v2\/media?parent=1211"}],"wp:term":[{"taxonomy":"category","embeddable":true,"href":"https:\/\/emergenceweb.com\/blog\/wp-json\/wp\/v2\/categories?post=1211"},{"taxonomy":"post_tag","embeddable":true,"href":"https:\/\/emergenceweb.com\/blog\/wp-json\/wp\/v2\/tags?post=1211"}],"curies":[{"name":"wp","href":"https:\/\/api.w.org\/{rel}","templated":true}]}}