{"id":1323,"date":"2009-03-10T12:59:29","date_gmt":"2009-03-10T17:59:29","guid":{"rendered":"http:\/\/emergenceweb.com\/blog\/?p=1323"},"modified":"2009-03-10T12:59:29","modified_gmt":"2009-03-10T17:59:29","slug":"les-chroniques-dune-mere-indigne-les-webisodes","status":"publish","type":"post","link":"https:\/\/emergenceweb.com\/blog\/2009\/03\/les-chroniques-dune-mere-indigne-les-webisodes\/","title":{"rendered":"Les chroniques d&rsquo;une m\u00e8re indigne : Les webisodes !"},"content":{"rendered":"<p>J&rsquo;aimerais bien vous pr\u00e9senter dans ce billet les premiers webisodes de la s\u00e9rie M\u00e8re Indigne, alias <a href=\"http:\/\/www.mereindigne.com\/\">Caroline Allard <\/a>et maintenant alias <a href=\"http:\/\/www.canoe.com\/divertissement\/tele-medias\/entrevues\/2006\/05\/04\/1749842-se.html\">Marie-H\u00e9l\u00e8ne Thibault<\/a> mais vous le savez d\u00e9j\u00e0, ce qui est produit par la t\u00e9l\u00e9 se retrouve rarement disponible pour les blogueurs sur le Web mais bon, comme le dit <a href=\"http:\/\/www.linkedin.com\/pub\/dir\/jerome\/hellio\">J\u00e9r\u00f4me Hellio<\/a>, directeur des \u00e9missions et th\u00e9matiques, nouveaux m\u00e9dias \u00e0 la RC, \u00e7a viendra&#8230; En attendant, vous pouvez les consulter <a href=\"http:\/\/www.radio-canada.ca\/emissions\/mere_indigne\/serie1\/\">sur le site chez RC.<\/a><\/p>\n<p><img loading=\"lazy\" decoding=\"async\" class=\"alignnone\" src=\"http:\/\/farm4.static.flickr.com\/3596\/3343975411_aa47ea0f71.jpg?v=0\" alt=\"\" width=\"500\" height=\"227\" \/><\/p>\n<p>Toujours en attendant, hier, c&rsquo;\u00e9tait la lancement officiel de la s\u00e9rie devait une salle bond\u00e9e de m\u00e8res blogueuses et quelques rares hommes dont <a href=\"http:\/\/www.papatenteux.com\/\">Carl Blais<\/a> et moi-m\u00eame, tous accueillis par un cocktail mythique : Gin tonic, tranche de lime et petit parasol.<\/p>\n<p><img loading=\"lazy\" decoding=\"async\" class=\"alignnone\" src=\"http:\/\/farm4.static.flickr.com\/3367\/3343975281_2a7499bc22.jpg?v=0\" alt=\"\" width=\"500\" height=\"375\" \/><\/p>\n<p><strong>Quelle belle soir\u00e9e ! <\/strong>Apr\u00e8s le cocktail et bouch\u00e9es, on a en droit \u00e0 une seconde phase de lancement : Deux panels qui ont amen\u00e9 sur sc\u00e8ne, d&rsquo;une part plusieurs m\u00e8res blogueuses de la premi\u00e8re heure dont Caroline bien s\u00fbr mais aussi l&rsquo;amie <a href=\"http:\/\/www.banlieusardises.com\/\">Martine Gingras<\/a> et interview\u00e9es par <a href=\"http:\/\/www.canoe.com\/divertissement\/tele-medias\/entrevues\/2006\/05\/17\/1749852-se.html\">France Beaudoin<\/a> et ensuite, les principales t\u00eates d&rsquo;affiche de la s\u00e9rie.<\/p>\n<p><img loading=\"lazy\" decoding=\"async\" class=\"alignnone\" src=\"http:\/\/farm4.static.flickr.com\/3642\/3344810110_bd89e10aeb.jpg?v=0\" alt=\"\" width=\"500\" height=\"375\" \/><\/p>\n<p><span id=\"2002189_657585285_0_name\">Jean-Marc Felio <\/span> <span id=\"2002189_657585285_1_name\">J\u00e9r\u00f4me Hellio <\/span> <span id=\"2002189_657585285_2_name\">St\u00e9phane Archambault<\/span>, <span id=\"2002189_657585285_3_name\">Miryam Bouchard<\/span>, <span id=\"2002189_657585285_5_name\">Caroline Allard<\/span>, <span id=\"2002189_657585285_6_name\">Cl\u00e9mentine Allard, Marie H\u00e9l\u00e8ne Thibault<\/span>, <span id=\"2002189_657585285_8_name\">Richard Jean-Baptiste<\/span>, <span id=\"2002189_657585285_9_name\">France Beaudoin<\/span><\/p>\n<p>Donc, une int\u00e9ressante conversation entre Marie-H\u00e9l\u00e8ne Thibault (M\u00e8re Indigne 2), <a href=\"http:\/\/www.geocities.com\/solia9\/stephanearchambault.html\">St\u00e9phane Archambault<\/a> (de Mes A\u00efeux et qui personnifie P\u00e8re Indigne), la r\u00e9alisatrice <a href=\"http:\/\/www.radio-canada.ca\/emissions\/mere_indigne\/serie1\/realisateur.asp?idDoc=75602\">Miryam Bouchard <\/a>et bien entendu Caroline Allard, encore l\u00e0 anim\u00e9s par France Beaudoin. Tout cela pour nous mettre en app\u00e9tit pour le plat de r\u00e9sistance : les premiers webisodes. Et comme plusieurs sur la page Facebook ce matin, nous en aurions redemand\u00e9 !<\/p>\n<p>J&rsquo;ai lu avec avidit\u00e9 le premier tome en transit entre Paris et Montr\u00e9al. Dans l&rsquo;avion, j&rsquo;ai \u00e9t\u00e9 pris de fous rires qui ont intrigu\u00e9 mes voisins de si\u00e8ges. Je dois dire que les capsules que j&rsquo;ai vues hier soir, rendent bien l&rsquo;humour et le style si particuliers de Caroline. J&rsquo;ai donc h\u00e2te de<a href=\"http:\/\/www.archambault.ca\/store\/Product.asp?mscssid=&amp;sku=002341256&amp;type=5\"> lire le tome 2,<\/a> ainsi que de voir les autres webisodes, pour l&rsquo;instant au nombre de huit. En terminant, je vous pr\u00e9sente une entrevue r\u00e9alis\u00e9e avec Caroline sur le second bouquin, qui sera aussi pr\u00e9sent\u00e9 au public fran\u00e7ais. En effet, Caroline s&rsquo;envole dans quelques jours pour faire le grand lancement de M\u00e8re Indigne, Tomes 1 et 2 \u00e0 Paris.<\/p>\n<p><object classid=\"clsid:d27cdb6e-ae6d-11cf-96b8-444553540000\" width=\"425\" height=\"344\" codebase=\"http:\/\/download.macromedia.com\/pub\/shockwave\/cabs\/flash\/swflash.cab#version=6,0,40,0\"><param name=\"allowFullScreen\" value=\"true\" \/><param name=\"allowscriptaccess\" value=\"always\" \/><param name=\"src\" value=\"http:\/\/www.youtube.com\/v\/CsSmHT7AZlQ&amp;hl=fr&amp;fs=1\" \/><embed type=\"application\/x-shockwave-flash\" width=\"425\" height=\"344\" src=\"http:\/\/www.youtube.com\/v\/CsSmHT7AZlQ&amp;hl=fr&amp;fs=1\" allowscriptaccess=\"always\" allowfullscreen=\"true\"><\/embed><\/object><\/p>\n<p>Pr\u00e9sentes aussi \u00e0 ce lancement les amies <a href=\"http:\/\/blog.kimvallee.com\/\">Kim Vall\u00e9e<\/a>, <a href=\"http:\/\/dianebourque.com\/\">Diane Bourque, <\/a> <a href=\"http:\/\/www.michelleblanc.com\/\">Michelle Blanc<\/a> mais aussi <a href=\"http:\/\/twitter.com\/MadameUnetelle\">Danielle Verville<\/a>, anciennement de l&rsquo;Alliance Num\u00e9rique et ci-devant m\u00e8re indigne, blogueuse et twitteuse. Nous nous sommes ensuite tous retrouv\u00e9s au Holder pour c\u00e9l\u00e9brer l&rsquo;\u00e9v\u00e8nement. Belle surprise que le pr\u00e9sence de<a href=\"http:\/\/www.exvisu.com\/en\/who-we-are\/\"> Claude G. Th\u00e9or\u00eat d&rsquo;Exvisu<\/a>&#8230; Pour ma part, j&rsquo;\u00e9tais assIs entre Diane et Marie-H\u00e9l\u00e8ne Thibault.\u00a0 Y&rsquo;aurait pu avoir pire&#8230; J&rsquo;ai donc discut\u00e9 avec cette derni\u00e8re, d&rsquo;ailleurs fort sympathique et encore plus quand je me suis aper\u00e7u qu&rsquo;elle aimait les tartares \ud83d\ude42 J&rsquo;en ai aussi profit\u00e9 et demand\u00e9 \u00e0 Diane de prendre cette photo historique d&rsquo;un blogueur pris en sandwich entre deux M\u00e8res Indignes&#8230;<\/p>\n<p><img loading=\"lazy\" decoding=\"async\" class=\"alignnone\" src=\"http:\/\/farm4.static.flickr.com\/3622\/3343975323_af910dddec.jpg?v=0\" alt=\"\" width=\"500\" height=\"375\" \/><\/p>\n<p>Cr\u00e9dits photos : Diane Bourque et Sophie Imbeault<\/p>\n","protected":false},"excerpt":{"rendered":"<p>J&rsquo;aimerais bien vous pr\u00e9senter dans ce billet les premiers webisodes de la s\u00e9rie M\u00e8re Indigne, alias Caroline Allard et maintenant alias Marie-H\u00e9l\u00e8ne Thibault mais vous le savez d\u00e9j\u00e0, ce qui est produit par la t\u00e9l\u00e9 se retrouve rarement disponible pour les blogueurs sur le Web mais bon, comme le dit J\u00e9r\u00f4me Hellio, directeur des \u00e9missions et th\u00e9matiques, nouveaux m\u00e9dias \u00e0 la RC, \u00e7a viendra&#8230; En attendant, vous pouvez les consulter sur le site chez RC. Toujours en attendant, hier, c&rsquo;\u00e9tait la lancement officiel de la s\u00e9rie devait une salle bond\u00e9e de m\u00e8res blogueuses et quelques rares hommes dont Carl Blais et moi-m\u00eame, tous accueillis par un cocktail mythique : Gin tonic, tranche de lime et petit parasol. Quelle belle soir\u00e9e ! Apr\u00e8s le cocktail et bouch\u00e9es, on a en droit \u00e0 une seconde phase de lancement : Deux panels qui ont amen\u00e9 sur sc\u00e8ne, d&rsquo;une part plusieurs m\u00e8res blogueuses de la premi\u00e8re heure dont Caroline bien s\u00fbr mais aussi l&rsquo;amie Martine Gingras et interview\u00e9es par France Beaudoin et ensuite, les principales t\u00eates d&rsquo;affiche de la s\u00e9rie. Jean-Marc Felio J\u00e9r\u00f4me Hellio St\u00e9phane Archambault, Miryam Bouchard, Caroline Allard, Cl\u00e9mentine Allard, Marie H\u00e9l\u00e8ne Thibault, Richard Jean-Baptiste, France Beaudoin Donc, une int\u00e9ressante conversation entre [&hellip;]<\/p>\n","protected":false},"author":1,"featured_media":0,"comment_status":"open","ping_status":"open","sticky":false,"template":"","format":"standard","meta":{"_monsterinsights_skip_tracking":false,"_monsterinsights_sitenote_active":false,"_monsterinsights_sitenote_note":"","_monsterinsights_sitenote_category":0,"footnotes":""},"categories":[7,3,13],"tags":[231,302,938,1181,1932],"class_list":["post-1323","post","type-post","status-publish","format-standard","hentry","category-communication-interactive","category-evenements","category-identite-numerique","tag-blogue","tag-caroline-allard","tag-iry","tag-mere-indigne","tag-web-tv"],"_links":{"self":[{"href":"https:\/\/emergenceweb.com\/blog\/wp-json\/wp\/v2\/posts\/1323"}],"collection":[{"href":"https:\/\/emergenceweb.com\/blog\/wp-json\/wp\/v2\/posts"}],"about":[{"href":"https:\/\/emergenceweb.com\/blog\/wp-json\/wp\/v2\/types\/post"}],"author":[{"embeddable":true,"href":"https:\/\/emergenceweb.com\/blog\/wp-json\/wp\/v2\/users\/1"}],"replies":[{"embeddable":true,"href":"https:\/\/emergenceweb.com\/blog\/wp-json\/wp\/v2\/comments?post=1323"}],"version-history":[{"count":0,"href":"https:\/\/emergenceweb.com\/blog\/wp-json\/wp\/v2\/posts\/1323\/revisions"}],"wp:attachment":[{"href":"https:\/\/emergenceweb.com\/blog\/wp-json\/wp\/v2\/media?parent=1323"}],"wp:term":[{"taxonomy":"category","embeddable":true,"href":"https:\/\/emergenceweb.com\/blog\/wp-json\/wp\/v2\/categories?post=1323"},{"taxonomy":"post_tag","embeddable":true,"href":"https:\/\/emergenceweb.com\/blog\/wp-json\/wp\/v2\/tags?post=1323"}],"curies":[{"name":"wp","href":"https:\/\/api.w.org\/{rel}","templated":true}]}}