{"id":260,"date":"2007-09-24T14:10:17","date_gmt":"2007-09-24T19:10:17","guid":{"rendered":"http:\/\/emergenceweb.com\/blog\/?p=260"},"modified":"2007-09-24T14:10:17","modified_gmt":"2007-09-24T19:10:17","slug":"deux-sujets-legers","status":"publish","type":"post","link":"https:\/\/emergenceweb.com\/blog\/2007\/09\/deux-sujets-legers\/","title":{"rendered":"Deux sujets l\u00e9gers&#8230;"},"content":{"rendered":"<p>Comme je suis un peu  \u00abdans le jus\u00bb avec l&rsquo;organisation du prochain <a href=\"http:\/\/www.webcom-montreal.com\/\">Rendez-vous interactif webcom-Montr\u00e9al<\/a>, qui aura lieu l;e 14 novembre prochain, je n&rsquo;ai pas fait de longues recherches pour mon prochain billet. Je r\u00e9agis donc \u00ab\u00e0 chaud\u00bb sur deux sujets, disons-le, assez l\u00e9gers. Le premier concerne La plate-forme de mise en relation professionnelle <a href=\"http:\/\/www.viadeo.com\">Viadeo<\/a>. J&rsquo;aime bien cette derni\u00e8re, plus que sa rivale am\u00e9ricaine <a href=\"http:\/\/www.linkedin.com\/\">LinkedIn<\/a>, du fait, entre autres, de la pr\u00e9sence des \u00abhubs\u00bb, ces espaces collaboratifs, \u00e0 la fronti\u00e8re du wiki et du blogue&#8230;<\/p>\n<p>J&rsquo;aime bien aussi le souci du d\u00e9tail et les am\u00e9liorations constantes apport\u00e9es \u00e0 la plate-forme et, entre autres, au principal d\u00e9faut de cette derni\u00e8re: l&rsquo;utilisabilit\u00e9.  Viadeo est encore et toujours difficile \u00e0 naviguer mais la situation s&rsquo;am\u00e9liore. En ce sens, j&rsquo;aime bien le  nouveau r\u00e9capitulatif. Beaucoup plus visuel !<\/p>\n<p><img loading=\"lazy\" decoding=\"async\" src=\"http:\/\/farm2.static.flickr.com\/1130\/1433747405_0872fb566b.jpg?v=0\" align=\"absmiddle\" height=\"370\" width=\"432\" \/><\/p>\n<p>D&rsquo;autre part, j&rsquo;ai re\u00e7u, ce matin, une invitation \u00e0 me joindre \u00e0 un groupe sur Facebook. Jusque l\u00e0, rien de bien original. Il y a des groupes sur un peu tout : P\u00e9titions, \u00e9v\u00e9nements, causes, etc. Mais celui auquel j&rsquo;ai \u00e9t\u00e9 invit\u00e9 est diff\u00e9rent. Le groupe s&rsquo;appelle \u00ab<a href=\"http:\/\/www.facebook.com\/group.php?gid=18854459256\">Intranets for Info Pros<\/a>\u00bb et il n&rsquo;a pas pour but de regrouper tous les sp\u00e9cialistes intranet dans le but de partager leur expertise. Il a une vocation \u00e0 la base, uniquement commerciale. En effet, il fait la promotion d&rsquo;un nouveau livre \u00e0 l&rsquo;intention des sp\u00e9cialistes de l&rsquo;intranet. Utiliser Facebook pour vendre des livres. Encore une contradiction entre le 1.0 et le 2.0&#8230;<\/p>\n<p><img loading=\"lazy\" decoding=\"async\" src=\"http:\/\/farm2.static.flickr.com\/1328\/1433738455_a2b96fe2f0.jpg?v=0\" align=\"absmiddle\" height=\"247\" width=\"431\" \/><\/p>\n<p>Mais comme le dit la responsable, elle esp\u00e8re que le groupe aura aussi pour effet de g\u00e9n\u00e9rer des conversations et un partage d&rsquo;expertise entre les membres&#8230; \u00c0 suivre !<\/p>\n","protected":false},"excerpt":{"rendered":"<p>Comme je suis un peu \u00abdans le jus\u00bb avec l&rsquo;organisation du prochain Rendez-vous interactif webcom-Montr\u00e9al, qui aura lieu l;e 14 novembre prochain, je n&rsquo;ai pas fait de longues recherches pour mon prochain billet. Je r\u00e9agis donc \u00ab\u00e0 chaud\u00bb sur deux sujets, disons-le, assez l\u00e9gers. Le premier concerne La plate-forme de mise en relation professionnelle Viadeo. J&rsquo;aime bien cette derni\u00e8re, plus que sa rivale am\u00e9ricaine LinkedIn, du fait, entre autres, de la pr\u00e9sence des \u00abhubs\u00bb, ces espaces collaboratifs, \u00e0 la fronti\u00e8re du wiki et du blogue&#8230; J&rsquo;aime bien aussi le souci du d\u00e9tail et les am\u00e9liorations constantes apport\u00e9es \u00e0 la plate-forme et, entre autres, au principal d\u00e9faut de cette derni\u00e8re: l&rsquo;utilisabilit\u00e9. Viadeo est encore et toujours difficile \u00e0 naviguer mais la situation s&rsquo;am\u00e9liore. En ce sens, j&rsquo;aime bien le nouveau r\u00e9capitulatif. Beaucoup plus visuel ! D&rsquo;autre part, j&rsquo;ai re\u00e7u, ce matin, une invitation \u00e0 me joindre \u00e0 un groupe sur Facebook. Jusque l\u00e0, rien de bien original. Il y a des groupes sur un peu tout : P\u00e9titions, \u00e9v\u00e9nements, causes, etc. Mais celui auquel j&rsquo;ai \u00e9t\u00e9 invit\u00e9 est diff\u00e9rent. Le groupe s&rsquo;appelle \u00abIntranets for Info Pros\u00bb et il n&rsquo;a pas pour but de regrouper tous les sp\u00e9cialistes intranet dans le but [&hellip;]<\/p>\n","protected":false},"author":1,"featured_media":0,"comment_status":"open","ping_status":"open","sticky":false,"template":"","format":"standard","meta":{"_monsterinsights_skip_tracking":false,"_monsterinsights_sitenote_active":false,"_monsterinsights_sitenote_note":"","_monsterinsights_sitenote_category":0,"footnotes":""},"categories":[7,24],"tags":[],"class_list":["post-260","post","type-post","status-publish","format-standard","hentry","category-communication-interactive","category-sites-de-mise-en-relation-sociale"],"_links":{"self":[{"href":"https:\/\/emergenceweb.com\/blog\/wp-json\/wp\/v2\/posts\/260"}],"collection":[{"href":"https:\/\/emergenceweb.com\/blog\/wp-json\/wp\/v2\/posts"}],"about":[{"href":"https:\/\/emergenceweb.com\/blog\/wp-json\/wp\/v2\/types\/post"}],"author":[{"embeddable":true,"href":"https:\/\/emergenceweb.com\/blog\/wp-json\/wp\/v2\/users\/1"}],"replies":[{"embeddable":true,"href":"https:\/\/emergenceweb.com\/blog\/wp-json\/wp\/v2\/comments?post=260"}],"version-history":[{"count":0,"href":"https:\/\/emergenceweb.com\/blog\/wp-json\/wp\/v2\/posts\/260\/revisions"}],"wp:attachment":[{"href":"https:\/\/emergenceweb.com\/blog\/wp-json\/wp\/v2\/media?parent=260"}],"wp:term":[{"taxonomy":"category","embeddable":true,"href":"https:\/\/emergenceweb.com\/blog\/wp-json\/wp\/v2\/categories?post=260"},{"taxonomy":"post_tag","embeddable":true,"href":"https:\/\/emergenceweb.com\/blog\/wp-json\/wp\/v2\/tags?post=260"}],"curies":[{"name":"wp","href":"https:\/\/api.w.org\/{rel}","templated":true}]}}