{"id":406,"date":"2008-03-31T16:29:48","date_gmt":"2008-03-31T21:29:48","guid":{"rendered":"http:\/\/emergenceweb.com\/blog\/?p=406"},"modified":"2008-03-31T16:29:48","modified_gmt":"2008-03-31T21:29:48","slug":"des-statistiques-des-livres-et-des-evenements","status":"publish","type":"post","link":"https:\/\/emergenceweb.com\/blog\/2008\/03\/des-statistiques-des-livres-et-des-evenements\/","title":{"rendered":"Des statistiques, des livres et des \u00e9v\u00e9nements&#8230;"},"content":{"rendered":"<p>Le copain <strong>\u00c9ric Baillargeon <\/strong>est un sp\u00e9cialiste du rayonnement Web et \u00e0 ce titre, vient de publier les <a href=\"http:\/\/intercommunication.blogspot.com\/2008\/03\/facebook-augmentation-hispanique-et.html\">plus r\u00e9centes statistiques de Facebook,<\/a> illustrant des augmentations marqu\u00e9es depuis la mise en disponibilit\u00e9 des versions fran\u00e7aise et espagnole. Et puisqu&rsquo;il est question de Facebook, je vous \u00e9cris quelques mots sur la sortie imminente d&rsquo;un bouquin fran\u00e7ais d&rsquo;<a href=\"http:\/\/www.ed-productions.com\/leszed\/index.php?eric-delcroix\">\u00c9ric Delcroix<\/a> sur la plate-forme de mise en relation sociale, intitul\u00e9 \u00ab<a href=\"http:\/\/www.facebook.com\/group.php?gid=9144996767\">Facebook, on s&rsquo;y retrouve<\/a>\u00bb, un genre de \u00abFacebook pour les nuls\u00bb.<\/p>\n<p><img loading=\"lazy\" decoding=\"async\" src=\"http:\/\/profile.ak.facebook.com\/object2\/1331\/49\/n9144996767_7508.jpg\" align=\"absmiddle\" height=\"289\" width=\"200\" \/><\/p>\n<p>Pour en revenir \u00e0 \u00c9ric Baillargeon, j&rsquo;aime bien tes tableaux statistiques qu&rsquo;il publie r\u00e9guli\u00e8rement; ils parlent&#8230;<\/p>\n<p>Mais pas autant que des conf\u00e9renciers en chair et en os. Cette ellipse pour vous indiquer que la saison printani\u00e8re des conf\u00e9rences 2.0 est bien amorc\u00e9e que que nous aurons droit \u00e0 un grand cru en ce printemps tardif 2008&#8230; Il y aura bien s\u00fbr, les conf\u00e9rences organis\u00e9es par O&rsquo;Reilly, dont <a href=\"http:\/\/www.web2expo.com\/\">Web 2.0Expo <\/a>en avril \u00e0 San Francisco,  ainsi que <a href=\"http:\/\/www.enterprise2conf.com\/2007\/in-the-news.php\">l&rsquo;Entreprise 2.0<\/a> en juin \u00e0 Boston. Il y aura aussi le <a href=\"http:\/\/datasharingsummit.com\/dsswiki\/index.php?title=Main_Page\">Data Sharing Sunmmit<\/a> en mai \u00e0 Mountain View&#8230; \u00c7a ne vous dit rien cette ville ? Le si\u00e8ge social de Google, vous pigez ? Data sharing-Google, un match parfait !<\/p>\n<p>Ici au Qu\u00e9bec, beaucoup d&rsquo;action ! Le <a href=\"http:\/\/www.quebecinnovation2008.com\/fr\/accueil.html\">colloque international du Cefrio <\/a>qui abordera vaguement le th\u00e8me les 9 et 10 avril \u00e0 Qu\u00e9bec, surtout lors de la conf\u00e9rence attendue de <strong>Nicholas Carr<\/strong>, auteur du livre \u00ab<a href=\"http:\/\/www.nicholasgcarr.com\/bigswitch\/\">The Big Switch<\/a>\u00bb<strong>.<\/strong> Toujours \u00e0 Qu\u00e9bec, il y aura <a href=\"http:\/\/www.quebecinnovation2008.com\/fr\/accueil.html\">Intracom <\/a>\u00e0 la fin avril et surtout le congr\u00e8s annuel de l&rsquo;ACFAS, du 5 au 9 mai. Pourquoi je parle de l&rsquo;ACFAS ? Habituellement l&rsquo;Association francophone pour le savoir ne fait pas dans le Web.<\/p>\n<p>Pourtant, cette ann\u00e9e, j&rsquo;ai d\u00e9nich\u00e9 avec l&rsquo;aide de l&rsquo;ami <a href=\"http:\/\/b-r-ent.com\/users\/xavieraucompte.shtml\">Xavier Aucompte<\/a>, le colloque <a href=\"http:\/\/www.acfas.net\/programme\/c_435.html\">no. 435 intitul\u00e9 : Web participatif : mutation de la communication ?<\/a> Un colloque organis\u00e9 par <strong>Serge Proulx<\/strong> et <strong>Florence Millerand<\/strong> de l&rsquo;UQAM. Y feront apparition une foule d&rsquo;universitaires dont plusieurs de France, ce qui a fait dire \u00e0 Xavier qu&rsquo;il n&rsquo;avait jamais vu autant de profs. fran\u00e7ais dans une m\u00eame conf\u00e9rence. Ce doit \u00eatre le 400e&#8230;<\/p>\n<p><img loading=\"lazy\" decoding=\"async\" src=\"http:\/\/farm4.static.flickr.com\/3251\/2378498092_789448ba66.jpg?v=0\" align=\"absmiddle\" height=\"170\" width=\"428\" \/><\/p>\n<p>Pendant ce temps \u00e0 Montr\u00e9al&#8230; Deux conf\u00e9rences de haut niveau. Je parle bien entendu de <a href=\"http:\/\/www.webcom-montreal.com\/\">webcom-Montr\u00e9al <\/a>et le webcamp gratuit qui vient avec. C&rsquo;est la plus importante journ\u00e9e Web 2.0 et la moins ch\u00e8re au Canada, de loin plus internationale que <a href=\"http:\/\/www.meshconference.com\/\">Mesh 2008<\/a> \u00e0 Toronto \u00e0 la fin mai. Aura aussi lieu \u00e0 Montr\u00e9al au d\u00e9but avril une tr\u00e8s importante conf\u00e9rence et c&rsquo;est <a href=\"http:\/\/www.eife-l.org\/about\/team\">Serge Ravet <\/a>de l&rsquo;Institut europ\u00e9en pour le eLearning qui m&rsquo;en a parl\u00e9 puisqu&rsquo;il en est le principal organisateur. Il s&rsquo;agit de <a href=\"http:\/\/events.eife-l.org\/eportfolio_montreal\">ePortfolio et identit\u00e9 num\u00e9rique<\/a>, une conf\u00e9rence pan-am\u00e9ricaine et francophone qui se tiendra \u00e0 l\u2019Universit\u00e9 Concordia du 5 au 7 mai 2008. Cette conf\u00e9rence est importante car elle traite du sujet de l&rsquo;heure, soit <a href=\"http:\/\/www.fredcavazza.net\/2006\/10\/22\/qu-est-ce-que-l-identite-numerique\/\">l&rsquo;identit\u00e9 num\u00e9rique<\/a>, sujet qui sera aussi \u00e0 l&rsquo;ordre du jour en Californie au Data Sharing Summit mais aussi \u00e0 webcom-Montr\u00e9al, \u00e9dition du 12 novembre prochain. De cela, je vous reparle&#8230;<\/p>\n<p>En attendant il y a aussi l&rsquo;Europe et surtout la France&#8230; Je vous ai parl\u00e9 des <a href=\"http:\/\/emergenceweb.com\/blog\/?p=404\">prix Intrablog<\/a>. Ces derniers seront remis en juin au <a href=\"http:\/\/www.tec-paris.com\/\">troisi\u00e8me TEC \u00e0 Paris.<\/a> Quelques jours plus t\u00f4t, aura lieu la <a href=\"http:\/\/www.groupesolutions.fr\/documents\/cominterne2008.pdf\">rencontre annuelle des responsables de communication interne<\/a> qui sera \u00e0 forte saveur Entreprise 2.0 et o\u00f9 j&rsquo;interviendrai, de m\u00eame que l&rsquo;ami <a href=\"http:\/\/www.ericblot.blogs.com\/\">\u00c9ric Blot<\/a>. Et il y aura, bien s\u00fbr, les \u00e9v\u00e9nements de Bordeaux et Marseille&#8230;<\/p>\n<p>\u00c0 Bordeaux, le 3 juin, nous interviendrons <a href=\"http:\/\/www.nayezpaspeur.ca\/blog\/\">Philippe Martin<\/a> et moi sur les blogues et le Web 2.0 lors d&rsquo;un \u00e9v\u00e9nement qui au d\u00e9part se voulait une simple rencontre autour du livre \u00ab<a href=\"http:\/\/www.pourquoibloguer.com\/\">Pourquoi bloguer&#8230;<\/a>\u00bb mais qui maintenant s&rsquo;\u00e9tendra sur une journ\u00e9e compl\u00e8te avec la participation d&rsquo;<strong>Isabelle Jupp\u00e9<\/strong>, auteure du livre \u00ab<a href=\"http:\/\/www.lafemmedigitale.fr\/\">La femme digitale<\/a>\u00bb et devant un parterre de d\u00e9cideurs d\u2019entreprises et de collectivit\u00e9s, de Bordeaux et de la r\u00e9gion Aquitaine.<\/p>\n<p><img loading=\"lazy\" decoding=\"async\" src=\"http:\/\/farm3.static.flickr.com\/2334\/1776358604_84c59566d3.jpg?v=0\" align=\"absmiddle\" height=\"290\" width=\"421\" \/><\/p>\n<p>\u00c0 Marseille, l&rsquo;ami <a href=\"http:\/\/socialnetworkforbusiness.blogspot.com\/\">\u00c9ric Herschkorn<\/a>, co-auteur avec <strong>Patrick Barrab\u00e9<\/strong> du \u00ab<a href=\"http:\/\/www.sparinc.fr\/reseaux.htm\">Livre blanc Business Social Networking<\/a>\u00bb, est en train de mettre en place un \u00e9v\u00e9nement justement sur le Business Social Networking, l\u00e0 aussi une journ\u00e9e, qui aura lieu le 5 juin. De tout cela, je vous bloguerai en direct.<\/p>\n","protected":false},"excerpt":{"rendered":"<p>Le copain \u00c9ric Baillargeon est un sp\u00e9cialiste du rayonnement Web et \u00e0 ce titre, vient de publier les plus r\u00e9centes statistiques de Facebook, illustrant des augmentations marqu\u00e9es depuis la mise en disponibilit\u00e9 des versions fran\u00e7aise et espagnole. Et puisqu&rsquo;il est question de Facebook, je vous \u00e9cris quelques mots sur la sortie imminente d&rsquo;un bouquin fran\u00e7ais d&rsquo;\u00c9ric Delcroix sur la plate-forme de mise en relation sociale, intitul\u00e9 \u00abFacebook, on s&rsquo;y retrouve\u00bb, un genre de \u00abFacebook pour les nuls\u00bb. Pour en revenir \u00e0 \u00c9ric Baillargeon, j&rsquo;aime bien tes tableaux statistiques qu&rsquo;il publie r\u00e9guli\u00e8rement; ils parlent&#8230; Mais pas autant que des conf\u00e9renciers en chair et en os. Cette ellipse pour vous indiquer que la saison printani\u00e8re des conf\u00e9rences 2.0 est bien amorc\u00e9e que que nous aurons droit \u00e0 un grand cru en ce printemps tardif 2008&#8230; Il y aura bien s\u00fbr, les conf\u00e9rences organis\u00e9es par O&rsquo;Reilly, dont Web 2.0Expo en avril \u00e0 San Francisco, ainsi que l&rsquo;Entreprise 2.0 en juin \u00e0 Boston. Il y aura aussi le Data Sharing Sunmmit en mai \u00e0 Mountain View&#8230; \u00c7a ne vous dit rien cette ville ? Le si\u00e8ge social de Google, vous pigez ? Data sharing-Google, un match parfait ! Ici au Qu\u00e9bec, beaucoup d&rsquo;action ! [&hellip;]<\/p>\n","protected":false},"author":1,"featured_media":0,"comment_status":"open","ping_status":"open","sticky":false,"template":"","format":"standard","meta":{"_monsterinsights_skip_tracking":false,"_monsterinsights_sitenote_active":false,"_monsterinsights_sitenote_note":"","_monsterinsights_sitenote_category":0,"footnotes":""},"categories":[7,10,3,13,24],"tags":[],"class_list":["post-406","post","type-post","status-publish","format-standard","hentry","category-communication-interactive","category-entreprise-20","category-evenements","category-identite-numerique","category-sites-de-mise-en-relation-sociale"],"_links":{"self":[{"href":"https:\/\/emergenceweb.com\/blog\/wp-json\/wp\/v2\/posts\/406"}],"collection":[{"href":"https:\/\/emergenceweb.com\/blog\/wp-json\/wp\/v2\/posts"}],"about":[{"href":"https:\/\/emergenceweb.com\/blog\/wp-json\/wp\/v2\/types\/post"}],"author":[{"embeddable":true,"href":"https:\/\/emergenceweb.com\/blog\/wp-json\/wp\/v2\/users\/1"}],"replies":[{"embeddable":true,"href":"https:\/\/emergenceweb.com\/blog\/wp-json\/wp\/v2\/comments?post=406"}],"version-history":[{"count":0,"href":"https:\/\/emergenceweb.com\/blog\/wp-json\/wp\/v2\/posts\/406\/revisions"}],"wp:attachment":[{"href":"https:\/\/emergenceweb.com\/blog\/wp-json\/wp\/v2\/media?parent=406"}],"wp:term":[{"taxonomy":"category","embeddable":true,"href":"https:\/\/emergenceweb.com\/blog\/wp-json\/wp\/v2\/categories?post=406"},{"taxonomy":"post_tag","embeddable":true,"href":"https:\/\/emergenceweb.com\/blog\/wp-json\/wp\/v2\/tags?post=406"}],"curies":[{"name":"wp","href":"https:\/\/api.w.org\/{rel}","templated":true}]}}