{"id":435,"date":"2008-05-07T10:10:18","date_gmt":"2008-05-07T15:10:18","guid":{"rendered":"http:\/\/emergenceweb.com\/blog\/?p=435"},"modified":"2008-05-07T10:10:18","modified_gmt":"2008-05-07T15:10:18","slug":"mai-le-mois-des-conferences-web-20","status":"publish","type":"post","link":"https:\/\/emergenceweb.com\/blog\/2008\/05\/mai-le-mois-des-conferences-web-20\/","title":{"rendered":"Le Web participatif sous la loupe des universitaires&#8230;"},"content":{"rendered":"<p>Je suis avec beaucoup d&rsquo;int\u00e9r\u00eat, les tribulations de la qu\u00e9b\u00e9coise <a href=\"http:\/\/isabellelopez.com\/\">Isabelle Lopez<\/a>, aka Isatruc, dans les couloirs du Centre des Congr\u00e8s de Qu\u00e9bec o\u00f9 se d\u00e9roule actuellement le <a href=\"http:\/\/www.acfas.ca\/congres\/2008\/pages\/appel.html\">congr\u00e8s annuel de l&rsquo;ACFAS,<\/a> congr\u00e8s o\u00f9 pour la premi\u00e8re fois, on aborde le ph\u00e9nom\u00e8ne Web 2.0. En fait, une des pistes de cette \u00e9norme conf\u00e9rence a \u00e9t\u00e9 organis\u00e9e par <strong>Serge Proulx<\/strong> et <strong>Fran\u00e7oise Millerand<\/strong> de l&rsquo;UQAM et est intitul\u00e9e : \u00ab<em><a href=\"http:\/\/www.acfas.net\/programme\/c_435.html\">Web participatif : mutation de la communication?<\/a>\u00bb. <\/em><\/p>\n<p><img loading=\"lazy\" decoding=\"async\" src=\"http:\/\/farm4.static.flickr.com\/3255\/2473080111_71a41b33aa.jpg?v=0\" align=\"absmiddle\" height=\"94\" width=\"405\" \/><\/p>\n<p><span class=\"ListContent\">Les colloques d\u2019universitaires et de scientifiques ne sont pas l\u2019endroit o\u00f9 l&rsquo;on communie \u00e0 l\u2019autel du Web 2.0, loin de l\u00e0&#8230; Pour cela, il faut aller, par exemple, \u00e0 San Francisco \u00e0 la conf\u00e9rence <a href=\"http:\/\/en.oreilly.com\/webexsf2008\/public\/content\/home\">Web 2.0 Expo<\/a>. Dans les conf\u00e9rences comme E-Learn ou encore l\u2019ACFAS, ce sont des observateurs universitaires qui essaient de comprendre le ph\u00e9nom\u00e8ne du Web social, qui ne le comprennent pas tr\u00e8s bien et essaient de se convaincre ensemble qu\u2019ils comprennent\u2026<\/span><\/p>\n<p>Ce qui se refl\u00e8te donc un peu dans le genre de sentiment mi-figue, mi-raisin d&rsquo;Isabelle qui transpire dans ses billets sur cette conf\u00e9rence. Elle n&rsquo;a pas appr\u00e9ci\u00e9, comme moi lors de ma r\u00e9cente visite, le fait que le <a href=\"http:\/\/www.convention.qc.ca\/tiki-index.php\">Centre des Congr\u00e8s de Qu\u00e9be<\/a>c soit <a href=\"http:\/\/isabellelopez.com\/ce-que-jen-dis\/centre-des-congres-de-quebec-arriere-et-profiteur\">arri\u00e9r\u00e9 et profiteur,<\/a> chargeant plus de 250 $ pour l&rsquo;acc\u00e8s Internet dans les salles. Mais tout de m\u00eame, elle a fait la rencontre du DG de la <a href=\"http:\/\/www.fing.org\">Fondation Internet Nouvelle g\u00e9n\u00e9ration<\/a> (FING), <strong>Daniel Kaplan<\/strong>. Ce dernier sera \u00e0 Montr\u00e9al demain et nous le rencontrerons lors d&rsquo;une <a href=\"http:\/\/emergenceweb.com\/blog\/?p=356\">Yulbouffe<\/a> au caf\u00e9 M\u00e9li\u00e8s. Mai est vraiement le mois des colloques et conf\u00e9rences Web 2.0 &#8230;<\/p>\n<p><img loading=\"lazy\" decoding=\"async\" src=\"http:\/\/farm4.static.flickr.com\/3071\/2473080097_a48c8a19a3.jpg?v=0\" align=\"absmiddle\" height=\"287\" width=\"376\" \/><\/p>\n<p>En m\u00eame temps que l&rsquo;ACFAS, a lieu \u00e0 Montr\u00e9al la conf\u00e9rence <a href=\"http:\/\/events.eife-l.org\/eportfolio_montreal\">ePortfolio et identit\u00e9 num\u00e9rique 2008<\/a>, dont un des conf\u00e9renciers est <a href=\"http:\/\/ca.intruders.tv\/Serge-Ravet-ePortfolio-et-apprentissage-tout-au-long-de-la-vie_a196.html\">Serge Ravet<\/a>. Je dois aussi le rencontrer demain pour le lunch. Je vous rendrai compte vendredi de ces deux rencontres pr\u00e9-<a href=\"http:\/\/www.webcom-montreal.com\/\">webcom-Montr\u00e9al<\/a>, conf\u00e9rence qui aura lieu, pour sa part, le 14 mai et qui sera pr\u00e9c\u00e9d\u00e9e d&rsquo;un <a href=\"http:\/\/yulbiz.org\/\">Yulbiz<\/a>-sp\u00e9cial le 13, avec plusieurs des conf\u00e9renciers dont <a href=\"http:\/\/www.duperrin.com\/\">Bertrand Duperrin<\/a>, <a href=\"http:\/\/www.fredcavazza.net\/\">Fred Cavazza <\/a>et <a href=\"http:\/\/blog.hbs.edu\/faculty\/amcafee\/\">Andrew McAfee<\/a>. En passant, le 13, a lieu la conf\u00e9rence<a href=\"http:\/\/www2.infopresse.com\/conference\/conference-ip-2008-MoteursdeRecherche.aspx\"> Infopresse sur les moteurs de recherche<\/a> et le 15, cette fois \u00e0 Toronto, Infopresse pr\u00e9sente une fois de plus <strong>Chris Anderson<\/strong> et sa Longue Tra\u00eene&#8230;  Ouf&#8230; Du pain sur la planche \u00e0 billets&#8230;de blogue s&rsquo;entend&#8230;<\/p>\n","protected":false},"excerpt":{"rendered":"<p>Je suis avec beaucoup d&rsquo;int\u00e9r\u00eat, les tribulations de la qu\u00e9b\u00e9coise Isabelle Lopez, aka Isatruc, dans les couloirs du Centre des Congr\u00e8s de Qu\u00e9bec o\u00f9 se d\u00e9roule actuellement le congr\u00e8s annuel de l&rsquo;ACFAS, congr\u00e8s o\u00f9 pour la premi\u00e8re fois, on aborde le ph\u00e9nom\u00e8ne Web 2.0. En fait, une des pistes de cette \u00e9norme conf\u00e9rence a \u00e9t\u00e9 organis\u00e9e par Serge Proulx et Fran\u00e7oise Millerand de l&rsquo;UQAM et est intitul\u00e9e : \u00abWeb participatif : mutation de la communication?\u00bb. Les colloques d\u2019universitaires et de scientifiques ne sont pas l\u2019endroit o\u00f9 l&rsquo;on communie \u00e0 l\u2019autel du Web 2.0, loin de l\u00e0&#8230; Pour cela, il faut aller, par exemple, \u00e0 San Francisco \u00e0 la conf\u00e9rence Web 2.0 Expo. Dans les conf\u00e9rences comme E-Learn ou encore l\u2019ACFAS, ce sont des observateurs universitaires qui essaient de comprendre le ph\u00e9nom\u00e8ne du Web social, qui ne le comprennent pas tr\u00e8s bien et essaient de se convaincre ensemble qu\u2019ils comprennent\u2026 Ce qui se refl\u00e8te donc un peu dans le genre de sentiment mi-figue, mi-raisin d&rsquo;Isabelle qui transpire dans ses billets sur cette conf\u00e9rence. Elle n&rsquo;a pas appr\u00e9ci\u00e9, comme moi lors de ma r\u00e9cente visite, le fait que le Centre des Congr\u00e8s de Qu\u00e9bec soit arri\u00e9r\u00e9 et profiteur, chargeant plus de 250 [&hellip;]<\/p>\n","protected":false},"author":1,"featured_media":0,"comment_status":"open","ping_status":"open","sticky":false,"template":"","format":"standard","meta":{"_monsterinsights_skip_tracking":false,"_monsterinsights_sitenote_active":false,"_monsterinsights_sitenote_note":"","_monsterinsights_sitenote_category":0,"footnotes":""},"categories":[3,13],"tags":[],"class_list":["post-435","post","type-post","status-publish","format-standard","hentry","category-evenements","category-identite-numerique"],"_links":{"self":[{"href":"https:\/\/emergenceweb.com\/blog\/wp-json\/wp\/v2\/posts\/435"}],"collection":[{"href":"https:\/\/emergenceweb.com\/blog\/wp-json\/wp\/v2\/posts"}],"about":[{"href":"https:\/\/emergenceweb.com\/blog\/wp-json\/wp\/v2\/types\/post"}],"author":[{"embeddable":true,"href":"https:\/\/emergenceweb.com\/blog\/wp-json\/wp\/v2\/users\/1"}],"replies":[{"embeddable":true,"href":"https:\/\/emergenceweb.com\/blog\/wp-json\/wp\/v2\/comments?post=435"}],"version-history":[{"count":0,"href":"https:\/\/emergenceweb.com\/blog\/wp-json\/wp\/v2\/posts\/435\/revisions"}],"wp:attachment":[{"href":"https:\/\/emergenceweb.com\/blog\/wp-json\/wp\/v2\/media?parent=435"}],"wp:term":[{"taxonomy":"category","embeddable":true,"href":"https:\/\/emergenceweb.com\/blog\/wp-json\/wp\/v2\/categories?post=435"},{"taxonomy":"post_tag","embeddable":true,"href":"https:\/\/emergenceweb.com\/blog\/wp-json\/wp\/v2\/tags?post=435"}],"curies":[{"name":"wp","href":"https:\/\/api.w.org\/{rel}","templated":true}]}}