{"id":438,"date":"2008-05-09T19:31:12","date_gmt":"2008-05-10T00:31:12","guid":{"rendered":"http:\/\/emergenceweb.com\/blog\/?p=438"},"modified":"2008-05-09T19:31:12","modified_gmt":"2008-05-10T00:31:12","slug":"rencontres-du-jeudi-du-eportfolio-a-lentrenet","status":"publish","type":"post","link":"https:\/\/emergenceweb.com\/blog\/2008\/05\/rencontres-du-jeudi-du-eportfolio-a-lentrenet\/","title":{"rendered":"Rencontres du jeudi : Du ePortfolio \u00e0 l&rsquo;Entrenet&#8230;"},"content":{"rendered":"<p>Juste un court billet en cette fin de la semaine pour vous relater bir\u00e8vement mes rencontres d&rsquo;hier. Tout d&rsquo;abord <a href=\"http:\/\/www.linkedin.com\/in\/sravet\">Serge Ravet<\/a>, vice-pr\u00e9sident \u00e0 l&rsquo; <a href=\"http:\/\/www.qualityfoundation.org\/\">EFQUEL<\/a> et CEO \u00e0 l&rsquo;<a href=\"http:\/\/events.eife-l.org\/\">EIFE.<\/a> Je rencontrais Serge \u00e0 la suite de conversations que nous avions eues sur le Web, surtout \u00e0 la suite de son passage \u00e0 la Boule de cristal du CRIM. Serge est un fervent \u00ab\u00e9vang\u00e9lisateur\u00bb du <a href=\"http:\/\/en.wikipedia.org\/wiki\/Electronic_portfolio\">ePortfolio<\/a>.<\/p>\n<p><img loading=\"lazy\" decoding=\"async\" src=\"http:\/\/farm4.static.flickr.com\/3060\/2479495844_979bf8e3d5.jpg?v=0\" align=\"absmiddle\" height=\"302\" width=\"403\" \/><\/p>\n<p>Pas seulement dans le domaine acad\u00e9mique et du eLearning mais en g\u00e9n\u00e9ral, ce qui le rapproche de mes r\u00e9flexions sur les LifeLogs mais aussi sur l&rsquo;identit\u00e9 num\u00e9rique et la portabilit\u00e9 des donn\u00e9es. Justement, Serge organise, comme moi, de nombreuses conf\u00e9rences internationales sur le ePortfolio et sur l&rsquo;identit\u00e9 num\u00e9rique, la plus r\u00e9cente s&rsquo;\u00e9tant tenue <a href=\"http:\/\/events.eife-l.org\/eportfolio_montreal\">cette semaine \u00e0 Montr\u00e9al<\/a>.<\/p>\n<p>Cette conf\u00e9rence s&rsquo;est tenue \u00e0 l&rsquo;universit\u00e9 Concordia et comme pour l&rsquo;<a href=\"http:\/\/www.acfas.ca\/congres\/2008\/pages\/appel.html\">ACFAS,<\/a> a regroup\u00e9 de nombreux universitaires pr\u00e9occup\u00e9s par les applications acad\u00e9miques des Lifelogs ou ePortfolios. Tout ce qui concerne les dossiers acad\u00e9miques, la reconnaissance des acquis et la documentation n\u00e9cessaire \u00e0 l&#8217;emploi (CV etc.). Mais selon Serge, reste de vieux d\u00e9mons \u00e0 exorciser&#8230; Ceux de la peur de la protection des donn\u00e9es personnelles. Une peur cultiv\u00e9e par les TI traditionnelles qui \u00e9rigent une forteresse autour des donn\u00e9es et qui encouragent une mentalit\u00e9 d&rsquo;assi\u00e9g\u00e9s.<\/p>\n<p>Bref, Serge sera avec  nous \u00e0 Montr\u00e9al le 12 novembre lors de la prochaine \u00e9dition de <a href=\"http:\/\/www.webcom-montreal.com\/\">webcom-Montr\u00e9al,<\/a> qui justement consacrera une piste \u00e0 l&rsquo;identit\u00e9 num\u00e9rique, ses avantages et ses dangers&#8230; Participera \u00e9galement \u00e0 cette conf\u00e9rence, un autre sp\u00e9cialiste fran\u00e7ais des donn\u00e9es, nul autre que <strong>Daniel Kaplan<\/strong> de la <a href=\"http:\/\/fing.org\/\" onclick=\"javascript:pageTracker._trackPageview ('\/outbound\/fing.org');\">Fondation Internet Nouvelle G\u00e9n\u00e9ration.<\/a><\/p>\n<p><img loading=\"lazy\" decoding=\"async\" src=\"http:\/\/farm3.static.flickr.com\/2196\/2478683523_47e335b727.jpg?v=0\" align=\"absmiddle\" height=\"304\" width=\"406\" \/><\/p>\n<p>Daniel Kaplan, le deuxi\u00e8me du c\u00f4t\u00e9 droit de la table de la Yulbouffe<\/p>\n<p>Ce dernier a pris part en d\u00e9but de semaine au congr\u00e8s annuel de l&rsquo;ACFAS no\u00f9 il est intervenu sur \u00ab<a href=\"http:\/\/www.acfas.net\/programme\/c_435.html\">L&rsquo;EntreNet, ou l\u2019Internet relationnel<\/a>\u00bb. \u00c0 ce sujet, qui d&rsquo;autre que la copine <strong>Isabelle Lopez<\/strong> pour r\u00e9sumer son intervention :<\/p>\n<p><a href=\"http:\/\/isabellelopez.com\/medias-sociaux\/web-20-je-suis-mes-relations-avec-les-autres\">Je vous partage une partie de mes notes. C\u2019est en points de forme, par souci de rapidit\u00e9. <em>Si vous souhaitez que je d\u00e9veloppe, faites-m\u2019en part en commentaire et j\u2019en ferai un billet.<\/em><\/a><\/p>\n<ol>\n<li><a href=\"http:\/\/isabellelopez.com\/medias-sociaux\/web-20-je-suis-mes-relations-avec-les-autres\">La cl\u00e9 de la dynamique du web 2.0, c\u2019est la relation. C\u2019est un outillage de d\u00e9marche volontariste.<\/a><\/li>\n<li><a href=\"http:\/\/isabellelopez.com\/medias-sociaux\/web-20-je-suis-mes-relations-avec-les-autres\">La masse participative semble basculer blogs vers les r\u00e9seaux sociaux\u2026 Peut \u00e0 peu, on cesse un partage bas\u00e9 sur l\u2019\u00e9crit vers un partage multiforme structurant les relations.<\/a><\/li>\n<li><a href=\"http:\/\/isabellelopez.com\/medias-sociaux\/web-20-je-suis-mes-relations-avec-les-autres\">Le partage sur Internet devient un univers de pratiques individuelles. L\u2019exposition personnelle n\u2019est pas priv\u00e9e; c\u2019est public, certes, mais sans trop y penser.<\/a><\/li>\n<li><a href=\"http:\/\/isabellelopez.com\/medias-sociaux\/web-20-je-suis-mes-relations-avec-les-autres\">L\u2019internaute a le sentiment et l\u2019autorisation de devenir auteur de sa propre vie et d\u2019avoir prise sur des choses plusgrandes que lui, sur des syst\u00e8mes. <\/a><\/li>\n<li><a href=\"http:\/\/isabellelopez.com\/medias-sociaux\/web-20-je-suis-mes-relations-avec-les-autres\"> Son exposition personnelle se passe devant un public dont il choisit la taille [et les caract\u00e9ristiques, puisqu\u2019il choisit aussi le lieu <em>(interpr\u00e9tation libre)<\/em>]. <\/a><\/li>\n<li><a href=\"http:\/\/isabellelopez.com\/medias-sociaux\/web-20-je-suis-mes-relations-avec-les-autres\">Cela entra\u00eene une importance du public et de la relation que j\u2019entretiens avec lui. On revendique ses traces.<\/a><\/li>\n<\/ol>\n<p><a href=\"http:\/\/isabellelopez.com\/medias-sociaux\/web-20-je-suis-mes-relations-avec-les-autres\">Bref, <strong>je suis mes relations avec les autres.<\/strong><\/a><\/p>\n<p>Isabelle en remet un peu plus loin avec la r\u00e9f\u00e9rence au fait que le Web 2.0 peut mener \u00e0 une hyper normalisation, une hyper\u00e9valuation :<\/p>\n<p><a href=\"http:\/\/isabellelopez.com\/medias-sociaux\/web-20-je-suis-mes-relations-avec-les-autres\">Dans sa pr\u00e9sentation<\/a>, Daniel Kaplan a termin\u00e9 sa conf\u00e9rence en partageant trois probl\u00e8mes qui pourraient potentiellement \u00eatre engendr\u00e9s par l\u2019\u00e9mergence du Web participatif.<\/p>\n<ol>\n<li> <strong>Normativit\u00e9 participative<\/strong> : l\u2019obligation de s\u2019impliquer.<\/li>\n<p>La possibilit\u00e9 de pouvoir prendre sa place facilement pourrait entra\u00eener une obligation de participer. Mais ce n\u2019est pas tout le monde qui souhaite prendre part dans les conversations ou de remettre en question les leaders d\u2019opinion. Ceux qui ne le font pas vivront une nouvelle forme d\u2019exclusion.<\/p>\n<li> <strong>Oubli des sp\u00e9cialistes<\/strong> :<\/li>\n<p>\u00c0 force de donner la parole aux masses, on risque de ne s\u2019appuyer que sur l\u2019intelligence des foules. Danger : oublier les sp\u00e9cialistes, qui eux aussi ont des \u00e9l\u00e9ments \u00e0 apporter, et cela parce que \u00abce que disent les foules est n\u00e9cessairement vrai\u00bb.<\/p>\n<li> <a href=\"http:\/\/isabellelopez.com\/medias-sociaux\/web-20-attention-a-ne-pas-devenir-normatif\"><strong>Manque de dispositifs de cr\u00e9ation<\/strong> :\n<p>La foi dans le Web 2.0 entra\u00eene une augmentation fulgurante de dispositifs, d\u2019\u00e9valuation, d\u2019\u00e9change, de partage\u2026 On assiste donc \u00e0 un d\u00e9placement de la perception de la valeur. Il y a le risque qu\u2019ensuite il y ait un manque dans l\u2019offre de dispositifs pour <em>cr\u00e9er<\/em> tous ces \u00e9l\u00e9ments qu\u2019on \u00e9change avec les autres.<\/a><\/li>\n<\/ol>\n<p>Daniel \u00e9tais donc de passage le lendemain de sa prestation \u00e0 Qu\u00e9bec, invit\u00e9 par l&rsquo;ami <a href=\"http:\/\/zeroseconde.blogspot.com\/\">Martin Lessard<\/a>. Nous en avons profit\u00e9 pour le recevoir dans la cadre d&rsquo;une Yulbouffe informelle. J&rsquo;ai promis \u00e0 Serge et Daniel de les revoir \u00e0 Paris lors de mon prochain s\u00e9jour.<\/p>\n","protected":false},"excerpt":{"rendered":"<p>Juste un court billet en cette fin de la semaine pour vous relater bir\u00e8vement mes rencontres d&rsquo;hier. Tout d&rsquo;abord Serge Ravet, vice-pr\u00e9sident \u00e0 l&rsquo; EFQUEL et CEO \u00e0 l&rsquo;EIFE. Je rencontrais Serge \u00e0 la suite de conversations que nous avions eues sur le Web, surtout \u00e0 la suite de son passage \u00e0 la Boule de cristal du CRIM. Serge est un fervent \u00ab\u00e9vang\u00e9lisateur\u00bb du ePortfolio. Pas seulement dans le domaine acad\u00e9mique et du eLearning mais en g\u00e9n\u00e9ral, ce qui le rapproche de mes r\u00e9flexions sur les LifeLogs mais aussi sur l&rsquo;identit\u00e9 num\u00e9rique et la portabilit\u00e9 des donn\u00e9es. Justement, Serge organise, comme moi, de nombreuses conf\u00e9rences internationales sur le ePortfolio et sur l&rsquo;identit\u00e9 num\u00e9rique, la plus r\u00e9cente s&rsquo;\u00e9tant tenue cette semaine \u00e0 Montr\u00e9al. Cette conf\u00e9rence s&rsquo;est tenue \u00e0 l&rsquo;universit\u00e9 Concordia et comme pour l&rsquo;ACFAS, a regroup\u00e9 de nombreux universitaires pr\u00e9occup\u00e9s par les applications acad\u00e9miques des Lifelogs ou ePortfolios. Tout ce qui concerne les dossiers acad\u00e9miques, la reconnaissance des acquis et la documentation n\u00e9cessaire \u00e0 l&#8217;emploi (CV etc.). Mais selon Serge, reste de vieux d\u00e9mons \u00e0 exorciser&#8230; Ceux de la peur de la protection des donn\u00e9es personnelles. Une peur cultiv\u00e9e par les TI traditionnelles qui \u00e9rigent une forteresse autour des donn\u00e9es et [&hellip;]<\/p>\n","protected":false},"author":1,"featured_media":0,"comment_status":"open","ping_status":"open","sticky":false,"template":"","format":"standard","meta":{"_monsterinsights_skip_tracking":false,"_monsterinsights_sitenote_active":false,"_monsterinsights_sitenote_note":"","_monsterinsights_sitenote_category":0,"footnotes":""},"categories":[7,3,13,24,30],"tags":[],"class_list":["post-438","post","type-post","status-publish","format-standard","hentry","category-communication-interactive","category-evenements","category-identite-numerique","category-sites-de-mise-en-relation-sociale","category-securite-des-donnees"],"_links":{"self":[{"href":"https:\/\/emergenceweb.com\/blog\/wp-json\/wp\/v2\/posts\/438"}],"collection":[{"href":"https:\/\/emergenceweb.com\/blog\/wp-json\/wp\/v2\/posts"}],"about":[{"href":"https:\/\/emergenceweb.com\/blog\/wp-json\/wp\/v2\/types\/post"}],"author":[{"embeddable":true,"href":"https:\/\/emergenceweb.com\/blog\/wp-json\/wp\/v2\/users\/1"}],"replies":[{"embeddable":true,"href":"https:\/\/emergenceweb.com\/blog\/wp-json\/wp\/v2\/comments?post=438"}],"version-history":[{"count":0,"href":"https:\/\/emergenceweb.com\/blog\/wp-json\/wp\/v2\/posts\/438\/revisions"}],"wp:attachment":[{"href":"https:\/\/emergenceweb.com\/blog\/wp-json\/wp\/v2\/media?parent=438"}],"wp:term":[{"taxonomy":"category","embeddable":true,"href":"https:\/\/emergenceweb.com\/blog\/wp-json\/wp\/v2\/categories?post=438"},{"taxonomy":"post_tag","embeddable":true,"href":"https:\/\/emergenceweb.com\/blog\/wp-json\/wp\/v2\/tags?post=438"}],"curies":[{"name":"wp","href":"https:\/\/api.w.org\/{rel}","templated":true}]}}