{"id":490,"date":"2008-08-21T19:07:07","date_gmt":"2008-08-22T00:07:07","guid":{"rendered":"http:\/\/emergenceweb.com\/blog\/?p=490"},"modified":"2008-08-21T19:07:07","modified_gmt":"2008-08-22T00:07:07","slug":"webcom-chere-a-395-im-sick-tired","status":"publish","type":"post","link":"https:\/\/emergenceweb.com\/blog\/2008\/08\/webcom-chere-a-395-im-sick-tired\/","title":{"rendered":"Webcom ch\u00e8re \u00e0 395$ : I&rsquo;m sick &#038; tired&#8230;"},"content":{"rendered":"<p>Comme l&rsquo;amie <a href=\"http:\/\/www.michelleblanc.com\/\">Michelle Blanc<\/a> est partie vers la gloire \u00e0 Toronto (juste avant le Festival du film et Brad Pitt), la porte est grande ouverte pour que je fasse, comme elle le dit si bien, \u00abune mont\u00e9e de lait\u00bb. Pourquoi direz-vous ? Parce que je suis malade et fatigu\u00e9 (sick &amp; tired) de me faire rab\u00e2cher les oreilles avec les prix suppos\u00e9ment trop \u00e9lev\u00e9s d&rsquo;inscription  \u00e0 la conf\u00e9rence <a href=\"http:\/\/www.webcom-montreal.com\/inscription.php\">webcom-Montr\u00e9al.<\/a><\/p>\n<p><img loading=\"lazy\" decoding=\"async\" src=\"http:\/\/farm4.static.flickr.com\/3034\/2757525080_cb74f8431a.jpg?v=0\" align=\"absmiddle\" height=\"500\" width=\"392\" \/><\/p>\n<p>Le Qu\u00e9bec, ses entreprises, ses agences, ses professionnels et ses travailleurs autonomes sont-ils pauvres au point de ne pas \u00eatre capables de d\u00e9bourser 395 $ pour assister \u00e0 la plus grande conf\u00e9rence fran\u00e7aise en Am\u00e9rique du Nord sur le Web 2.0 ? Et qu&rsquo;en plus, cette conf\u00e9rence est inscrite pour les entreprises au programme gouvernemental du 1% en mati\u00e8re de formation ? Comment cela se fait-il, alors qu&rsquo;ils se d\u00e9placent en masse vers Paris, San Francisco ou New York ?<\/p>\n<p>Quelque chose cloche&#8230; Oh&#8230; Certains viendront dire qu&rsquo;il y a des conf\u00e9rences gratuites, du type <a href=\"http:\/\/podcampmontreal.org\/\">PodCamp Montr\u00e9al.<\/a> D&rsquo;accord mais ce regroupement n&rsquo;est pas de m\u00eame nature et ne vise pas le m\u00eame public. Il vise les initi\u00e9s, ceux qui s&rsquo;int\u00e9ressent au podcasting et \u00e0 la Web vid\u00e9o sur Internet en majorit\u00e9. Tous les <a href=\"http:\/\/fr.wikipedia.org\/wiki\/BarCamp\">BarCamp<\/a> de ce monde sont gratuits certes mais webcom-Montr\u00e9al a aussi le sien : le Webcamp.  Non, la raison est ailleurs&#8230;<\/p>\n<p>J&rsquo;en ai d\u00e9j\u00e0 parl\u00e9 : La frilosit\u00e9 du Qu\u00e9bec, le manque de vision de ses entreprises, son immobilisme technologique et cr\u00e9atif, surtout \u00e0 l&rsquo;interne.  Se plaindre que payer 395 $ pour voir dans une journ\u00e9e huit experts internationaux et de multitudes d&rsquo;\u00e9tudes de cas concr\u00e8tes sur le comment du Web 2,0. Se plaindre que pour ce prix, vient aussi le Webcamp gratuit, le Yahoo-Live, le <a href=\"http:\/\/montreal.yulbiz.org\/2008\/05\/09\/yulbiz-special-webcom-le-mardi-13-mai-2008\/\">Yulbiz-sp\u00e9cial<\/a>, deux lancements de livres, c&rsquo;est un peu \u00abcheap\u00bb. Surtout quand c&rsquo;est d\u00e9ductible d&rsquo;imp\u00f4ts et qu&rsquo;il y a une foule de gratuit\u00e9s qui y sont associ\u00e9es&#8230;<\/p>\n<p>Mais savez-vous seulement combien  il en co\u00fbte ailleurs pour avoir l&rsquo;\u00e9quivalent ? J&rsquo;ai fait une petite recherche l\u00e0-dessus et voici les r\u00e9sultats. J&rsquo;ai \u00e9valu\u00e9 les co\u00fbts de sept \u00e9v\u00e8nements comparatifs. La conclusion est in\u00e9vitable : webcom-Montr\u00e9al est LA conf\u00e9rence internationale la moins ch\u00e8re, malgr\u00e9 que pour une bonne partie, elle soit compar\u00e9e \u00e0 des conf\u00e9rences de trois jours&#8230; (Les prix sont en dollars canadiens)<\/p>\n<p><strong>1- Le Web08 (Paris) 2 jours<\/strong><br \/>\nR\u00e9gulier :  1,772.41 $<br \/>\nTardif : 2,339.89 $<br \/>\nOff Web Gratuit<br \/>\nPhoto Gallery gratuite<br \/>\nCertaines conf\u00e9rences en vid\u00e9o sur le site apr\u00e8s gratuites<\/p>\n<p><strong>2- Web 2.0 Expo (New York) 3 jours<\/strong><br \/>\nExpo : 105.23 $<br \/>\nExpo + : 368.33 $<br \/>\nR\u00e9gulier : 1,467.97 $<br \/>\nTout inclus : 1,783.67 $<br \/>\nWeb2.0Open Gratuit<br \/>\nCertaines conf\u00e9rences en vid\u00e9o sur le site apr\u00e8s et gratuites<\/p>\n<p><strong>3- Forrester&rsquo;s Business &amp; Technology Leadership Forum 2008<\/strong><br \/>\nClient : 2,102.29 $<br \/>\nPas client :  2,311.10 $<\/p>\n<p><strong>4- Gartner Enterprise Networking &amp; Communications (Orlando) 3 jours<\/strong><br \/>\n(Early Bird) :1,785.80 $<br \/>\nR\u00e9gulier : 1,996.51 $<\/p>\n<p><strong>5- Enterprise 2.0 (Boston) 2 1\/2 jours<\/strong><br \/>\nPlatine : 2,525.65 $<br \/>\nR\u00e9gulier : 2,209.28 $<br \/>\nExpo : 105.463 $<br \/>\nEnterprise 2.0Open Gratuit<br \/>\nPasses gratuites pour blogueurs<br \/>\nCertaines conf\u00e9rences en vid\u00e9o sur le site apr\u00e8s gratuites<\/p>\n<p><strong>6- KMWorld &amp; Intranets (San Jose) 3 jours<\/strong><br \/>\nVari\u00e9t\u00e9 de prix allant de :<br \/>\nPlatinum Pass : 2,210.11 $<br \/>\nR\u00e9gulier : 1,682.32 $<br \/>\nExpo = Gratuit<\/p>\n<p><strong>7- Webcom-Montr\u00e9al 1 jour<\/strong><br \/>\n395 $ (Early Bird) et 495 $ r\u00e9gulier<br \/>\n3 pistes, 8 keynotes internationaux<br \/>\nDe 7h00 \u00e0 18h00<br \/>\nGratuit \u2013 Webcamp, Yahoo Live, Keynotes PM.<br \/>\nBillets gratuits pour blogueurs<br \/>\nToutes les conf\u00e9rences en vid\u00e9o sur le site apr\u00e8s et gratuites<\/p>\n<p><strong>8- Journ\u00e9e Infopresse (Montr\u00e9al) 1 jour<\/strong><br \/>\n270$ (Early Bird) et 370$ r\u00e9gulier<br \/>\n1 piste, 1 keynote international<br \/>\nDe 8h00 \u00e0 14h00<br \/>\nParfois des billets gratuits aux blogueurs<\/p>\n<p>Si webcom se d\u00e9roulait sur trois jours, il en co\u00fbterait encore moins cher. Ainsi  si on prend le prix maximal soit 495 $ X 3 jours cela \u00e9quivaut \u00e0 1 495 $ et rien ne dit que ce serait ce prix car les journ\u00e9es 2 et 3 sont habituellement moins ch\u00e8res&#8230;  En plus, je ne compte pas les co\u00fbts de transport, d&rsquo;h\u00e9bergement &#8230; Et vous en pensez quoi vous ???<\/p>\n","protected":false},"excerpt":{"rendered":"<p>Comme l&rsquo;amie Michelle Blanc est partie vers la gloire \u00e0 Toronto (juste avant le Festival du film et Brad Pitt), la porte est grande ouverte pour que je fasse, comme elle le dit si bien, \u00abune mont\u00e9e de lait\u00bb. Pourquoi direz-vous ? Parce que je suis malade et fatigu\u00e9 (sick &amp; tired) de me faire rab\u00e2cher les oreilles avec les prix suppos\u00e9ment trop \u00e9lev\u00e9s d&rsquo;inscription \u00e0 la conf\u00e9rence webcom-Montr\u00e9al. Le Qu\u00e9bec, ses entreprises, ses agences, ses professionnels et ses travailleurs autonomes sont-ils pauvres au point de ne pas \u00eatre capables de d\u00e9bourser 395 $ pour assister \u00e0 la plus grande conf\u00e9rence fran\u00e7aise en Am\u00e9rique du Nord sur le Web 2.0 ? Et qu&rsquo;en plus, cette conf\u00e9rence est inscrite pour les entreprises au programme gouvernemental du 1% en mati\u00e8re de formation ? Comment cela se fait-il, alors qu&rsquo;ils se d\u00e9placent en masse vers Paris, San Francisco ou New York ? Quelque chose cloche&#8230; Oh&#8230; Certains viendront dire qu&rsquo;il y a des conf\u00e9rences gratuites, du type PodCamp Montr\u00e9al. D&rsquo;accord mais ce regroupement n&rsquo;est pas de m\u00eame nature et ne vise pas le m\u00eame public. Il vise les initi\u00e9s, ceux qui s&rsquo;int\u00e9ressent au podcasting et \u00e0 la Web vid\u00e9o sur Internet en majorit\u00e9. [&hellip;]<\/p>\n","protected":false},"author":1,"featured_media":0,"comment_status":"open","ping_status":"open","sticky":false,"template":"","format":"standard","meta":{"_monsterinsights_skip_tracking":false,"_monsterinsights_sitenote_active":false,"_monsterinsights_sitenote_note":"","_monsterinsights_sitenote_category":0,"footnotes":""},"categories":[7,3],"tags":[],"class_list":["post-490","post","type-post","status-publish","format-standard","hentry","category-communication-interactive","category-evenements"],"_links":{"self":[{"href":"https:\/\/emergenceweb.com\/blog\/wp-json\/wp\/v2\/posts\/490"}],"collection":[{"href":"https:\/\/emergenceweb.com\/blog\/wp-json\/wp\/v2\/posts"}],"about":[{"href":"https:\/\/emergenceweb.com\/blog\/wp-json\/wp\/v2\/types\/post"}],"author":[{"embeddable":true,"href":"https:\/\/emergenceweb.com\/blog\/wp-json\/wp\/v2\/users\/1"}],"replies":[{"embeddable":true,"href":"https:\/\/emergenceweb.com\/blog\/wp-json\/wp\/v2\/comments?post=490"}],"version-history":[{"count":0,"href":"https:\/\/emergenceweb.com\/blog\/wp-json\/wp\/v2\/posts\/490\/revisions"}],"wp:attachment":[{"href":"https:\/\/emergenceweb.com\/blog\/wp-json\/wp\/v2\/media?parent=490"}],"wp:term":[{"taxonomy":"category","embeddable":true,"href":"https:\/\/emergenceweb.com\/blog\/wp-json\/wp\/v2\/categories?post=490"},{"taxonomy":"post_tag","embeddable":true,"href":"https:\/\/emergenceweb.com\/blog\/wp-json\/wp\/v2\/tags?post=490"}],"curies":[{"name":"wp","href":"https:\/\/api.w.org\/{rel}","templated":true}]}}