{"id":515,"date":"2008-09-19T10:53:03","date_gmt":"2008-09-19T15:53:03","guid":{"rendered":"http:\/\/emergenceweb.com\/blog\/?p=515"},"modified":"2008-09-19T10:53:03","modified_gmt":"2008-09-19T15:53:03","slug":"transparence-radicale-suite-et-fin-oui-je-suis-pc","status":"publish","type":"post","link":"https:\/\/emergenceweb.com\/blog\/2008\/09\/transparence-radicale-suite-et-fin-oui-je-suis-pc\/","title":{"rendered":"Transparence radicale (suite et fin) : oui, je suis PC&#8230;"},"content":{"rendered":"<p>D\u00e9cid\u00e9ment, cette derni\u00e8re journ\u00e9e de la semaine qui verra passer une <a href=\"http:\/\/www.flickr.com\/photos\/amicalmant\/2266589832\/in\/set-72157603910842358\/\">Yulbouffe<\/a> avec \u00e0 la cl\u00e9 ce WE le <a href=\"http:\/\/podcampmontreal.org\/\">Podcamp-Montr\u00e9al <\/a>en est une d\u00e9di\u00e9e \u00e0 la vid\u00e9o. Apr\u00e8s la vid\u00e9o sur la culture qui serait l&rsquo;oeuvre de&#8230;. (je laisse le soin \u00e0 l&rsquo;ami <a href=\"http:\/\/www.micheldumais.com\/\">Michel Dumais <\/a>de d\u00e9voiler les auteurs) je publie celle-ci :<\/p>\n<p>[youtube hi1se9rH7S8&amp;hl=en&amp;fs=1]<\/p>\n<p>Cela vient compl\u00e9ter un autre billet sur ma <a href=\"http:\/\/emergenceweb.com\/blog\/?p=510\">transparence radicale de travailleur nomade<\/a> et affirmer mon appartenance \u00e0 un clan plut\u00f4t qu&rsquo;un autre, encore que <a href=\"http:\/\/www.computerworld.com\/action\/article.do?command=viewArticleBasic&amp;articleId=9115120&amp;intsrc=hm_list\">les images auraient \u00e9t\u00e9 mont\u00e9es sur Mac<\/a>&#8230; L\u00e0-dessus, bon WE \u00e0 tous et toutes !<\/p>\n","protected":false},"excerpt":{"rendered":"<p>D\u00e9cid\u00e9ment, cette derni\u00e8re journ\u00e9e de la semaine qui verra passer une Yulbouffe avec \u00e0 la cl\u00e9 ce WE le Podcamp-Montr\u00e9al en est une d\u00e9di\u00e9e \u00e0 la vid\u00e9o. Apr\u00e8s la vid\u00e9o sur la culture qui serait l&rsquo;oeuvre de&#8230;. (je laisse le soin \u00e0 l&rsquo;ami Michel Dumais de d\u00e9voiler les auteurs) je publie celle-ci : [youtube hi1se9rH7S8&amp;hl=en&amp;fs=1] Cela vient compl\u00e9ter un autre billet sur ma transparence radicale de travailleur nomade et affirmer mon appartenance \u00e0 un clan plut\u00f4t qu&rsquo;un autre, encore que les images auraient \u00e9t\u00e9 mont\u00e9es sur Mac&#8230; L\u00e0-dessus, bon WE \u00e0 tous et toutes !<\/p>\n","protected":false},"author":1,"featured_media":0,"comment_status":"open","ping_status":"open","sticky":false,"template":"","format":"standard","meta":{"_monsterinsights_skip_tracking":false,"_monsterinsights_sitenote_active":false,"_monsterinsights_sitenote_note":"","_monsterinsights_sitenote_category":0,"footnotes":""},"categories":[7,3,23],"tags":[],"class_list":["post-515","post","type-post","status-publish","format-standard","hentry","category-communication-interactive","category-evenements","category-technologie"],"_links":{"self":[{"href":"https:\/\/emergenceweb.com\/blog\/wp-json\/wp\/v2\/posts\/515"}],"collection":[{"href":"https:\/\/emergenceweb.com\/blog\/wp-json\/wp\/v2\/posts"}],"about":[{"href":"https:\/\/emergenceweb.com\/blog\/wp-json\/wp\/v2\/types\/post"}],"author":[{"embeddable":true,"href":"https:\/\/emergenceweb.com\/blog\/wp-json\/wp\/v2\/users\/1"}],"replies":[{"embeddable":true,"href":"https:\/\/emergenceweb.com\/blog\/wp-json\/wp\/v2\/comments?post=515"}],"version-history":[{"count":0,"href":"https:\/\/emergenceweb.com\/blog\/wp-json\/wp\/v2\/posts\/515\/revisions"}],"wp:attachment":[{"href":"https:\/\/emergenceweb.com\/blog\/wp-json\/wp\/v2\/media?parent=515"}],"wp:term":[{"taxonomy":"category","embeddable":true,"href":"https:\/\/emergenceweb.com\/blog\/wp-json\/wp\/v2\/categories?post=515"},{"taxonomy":"post_tag","embeddable":true,"href":"https:\/\/emergenceweb.com\/blog\/wp-json\/wp\/v2\/tags?post=515"}],"curies":[{"name":"wp","href":"https:\/\/api.w.org\/{rel}","templated":true}]}}