{"id":86,"date":"2007-02-21T09:19:59","date_gmt":"2007-02-21T14:19:59","guid":{"rendered":"http:\/\/emergenceweb.com\/blog\/?p=86"},"modified":"2007-02-21T09:19:59","modified_gmt":"2007-02-21T14:19:59","slug":"journee-infopresse-a-montreal-lex-centris-rempli-pour-le-web-20","status":"publish","type":"post","link":"https:\/\/emergenceweb.com\/blog\/2007\/02\/journee-infopresse-a-montreal-lex-centris-rempli-pour-le-web-20\/","title":{"rendered":"Journ\u00e9e Infopresse \u00e0 Montr\u00e9al : L&rsquo;Ex-Centris rempli pour le Web 2.0"},"content":{"rendered":"<p>Je vous ai d\u00e9j\u00e0 entretenu de vide sid\u00e9ral au Qu\u00e9bec pour tout ce qui est technologies du Web 2.0. Aussi que ce vide finalement se comble avec des initiatives telles qu&rsquo;<a href=\"http:\/\/www.espacecanoe.com\/\">EspaceCano\u00eb<\/a>, <a href=\"http:\/\/www.doyoulookgood.com\/site\/\">DoYouLookGood<\/a> ou encore <a href=\"http:\/\/www.agentsolo.com\/ca\/fr\/\">Agent Solo<\/a>. Il en est de m\u00eame pour les grandes messes, entendez par l\u00e0 conf\u00e9rences internationales ou locales sur le ph\u00e9nom\u00e8ne&#8230;L&rsquo;automne dernier, \u00e0 San Francisco, \u00e0 guichets ferm\u00e9s. 700 personnes se r\u00e9unissaient<a href=\"http:\/\/www.web2con.com\/\"> autour de Tim O&rsquo;Reilly<\/a> pour c\u00e9l\u00e9brer pas la naissance, non, non mais l&rsquo;arriv\u00e9e \u00e0 l&rsquo;\u00e2ge adulte du pr\u00e9nom\u00e8ne&#8230;<\/p>\n<p><img loading=\"lazy\" decoding=\"async\" width=\"361\" height=\"270\" src=\"http:\/\/farm1.static.flickr.com\/165\/398356069_b9a3db93fb_m.jpg\" \/><br \/>\nConf\u00e9rence Infopresse &#8211; Panel.<\/p>\n<p>Quelques mois plus tard, \u00e0 Paris, toujours \u00e0 guichets ferm\u00e9s, 1 000 personnes (en majorit\u00e9 des blogeurs)  assistaient \u00e0 <a href=\"http:\/\/www.leweb3.com\/\">Le Web 3<\/a>, conf\u00e9rence internationale organis\u00e9e par<a href=\"http:\/\/loiclemeur.com\/france\/\"> Lo\u00efc Le Meur,<\/a> vice-pr\u00e9sident Europe de <a href=\"http:\/\/www.sixapart.com\/\">Six Apart<\/a>. USA et France&#8230; Voil\u00e0 ce qui clochait jusqu&rsquo;\u00e0 date. Pour le fran\u00e7ais, tout se passait en France et pour l&rsquo;anglais aux \u00c9tats-Unis. Au Qu\u00e9bec, en octobre dernier, la conf\u00e9rence <a href=\"http:\/\/www.webcom-montreal.com\/\">webcom-Montr\u00e9al<\/a> a fait office de r\u00e9v\u00e9lateur en ce domaine en attirant une centaine de personnes et en tentant d&rsquo;expliquer le ph\u00e9nom\u00e8ne. Cette ann\u00e9e, on voit que la graine a pouss\u00e9. Pr\u00e8s de 250 personnes ont investi l&rsquo;Ex-Centris aujourd&rsquo;hui, \u00e0 l&rsquo;instigation <a href=\"http:\/\/www.infopresse.com\/journeeinfopresse\/Hiv2007_web20\/\">d&rsquo;Infopresse<\/a>, pour se faire parler des applications concr\u00e8tes et surtout marketing des blogues et plates-formes sociales \u00e0 la MySpace ou YouTube.<\/p>\n<p>Donc, agences de pub. de communication et de relations publiques commencent \u00e0 r\u00e9aliser le ph\u00e9nom\u00e8ne, d&rsquo;ailleurs tr\u00e8s bien amen\u00e9 par les deux premiers conf\u00e9renciers, soit  Christian Quenneville et Vlad Stesin tous deux de chez <a href=\"http:\/\/www.fjordinteractif.com\/\">Fjord Marketing<\/a>. Ces derniers ont bien montr\u00e9 toute l&rsquo;\u00e9tendue du ph\u00e9nom\u00e8ne en amenant des ememples de vid\u00e9os, poscasts, blogs et autres et comment les campagnes de pub en ont \u00e9t\u00e9 affect\u00e9es. Vous vous souvenez de la campagne rat\u00e9e de <a href=\"http:\/\/www.adrants.com\/2006\/03\/gm-launches-create-a-tahoe-commercial-con.php\">GM avec le Tahoe<\/a> ?<\/p>\n<p>Plus tard dans la journ\u00e9e, nous avons eu droit \u00e0 un panel sur les nouveaux mod\u00e8les du Web, o\u00f9 sont intervenus, entre autres, <a href=\"http:\/\/www.mcturgeon.com\/blog\/\">Marie-Chantal Turgeon<\/a> et  \u00c9rick Vadeboncoeur de DoYouLookGood.com. Bon moment mais qui a prouv\u00e9 encore une fois qu&rsquo;il y a du chemin \u00e0 faire au Qu\u00e9bec&#8230; La cerise sur le sundae de la journ\u00e9e devait venir du conf\u00e9rencier international invit\u00e9,<a href=\"http:\/\/seems2shel.typepad.com\/itseemstome\/\"> Shel Israel <\/a>auteur de \u00ab<a href=\"http:\/\/redcouch.typepad.com\/\">Global Neighborhoods,<\/a> How Social Media are moving power from institutions to people et co-auteur de \u00ab<a href=\"http:\/\/www.amazon.com\/Naked-Conversations-Changing-Businesses-Customers\/dp\/047174719X\">Naked Conversations<\/a> : How Blogs are changing the way Businesses talk with Customers\u00bb. La cerise avait un go\u00fbt&#8230;de d\u00e9j\u00e0 vu&#8230; Il a parl\u00e9 de vague irr\u00e9sistible et irr\u00e9pressible en parlant des blogues et du 2.0. De l&rsquo;immense impact des \u00ab<a href=\"http:\/\/www.marcprensky.com\/writing\/Prensky%20-%20Digital%20Natives,%20Digital%20Immigrants%20-%20Part1.pdf\">digital natives<\/a>\u00bb  sur les entreprises, etc. Bref, on a d\u00e9j\u00e0 entendu&#8230; Tout au plus, je retiens une phrase qui valait en soi son pesant d&rsquo;or :\u00abPeople create thier own personal brand with blogs. And when they do it in the enterprise, they humanize it.\u00bb<br \/>\n<small>Tags: <a rel=\"tag\" href=\"http:\/\/technorati.com\/tag\/Marketing+interactif\">Marketing interactif<\/a> <\/small><small>Tags: <a rel=\"tag\" href=\"http:\/\/technorati.com\/tag\/Web+2.0\">Web 2.0<\/a> <\/small><small>Tags: <a rel=\"tag\" href=\"http:\/\/technorati.com\/tag\/Conf%C3%A9rences+Web\">Conf\u00e9rences Web<\/a> <\/small><small>Tags: <a rel=\"tag\" href=\"http:\/\/technorati.com\/tag\/M%C3%A9dias+sociaux\">M\u00e9dias sociaux<\/a> <\/small><small>Tags: <a rel=\"tag\" href=\"http:\/\/technorati.com\/tag\/webcom\">webcom<\/a><\/small><\/p>\n<p style=\"color: #000088; text-align: right\"><small><em>Powered by<\/em> <a href=\"http:\/\/www.qumana.com\/\">Qumana<\/a><\/small><\/p>\n","protected":false},"excerpt":{"rendered":"<p>Je vous ai d\u00e9j\u00e0 entretenu de vide sid\u00e9ral au Qu\u00e9bec pour tout ce qui est technologies du Web 2.0. Aussi que ce vide finalement se comble avec des initiatives telles qu&rsquo;EspaceCano\u00eb, DoYouLookGood ou encore Agent Solo. Il en est de m\u00eame pour les grandes messes, entendez par l\u00e0 conf\u00e9rences internationales ou locales sur le ph\u00e9nom\u00e8ne&#8230;L&rsquo;automne dernier, \u00e0 San Francisco, \u00e0 guichets ferm\u00e9s. 700 personnes se r\u00e9unissaient autour de Tim O&rsquo;Reilly pour c\u00e9l\u00e9brer pas la naissance, non, non mais l&rsquo;arriv\u00e9e \u00e0 l&rsquo;\u00e2ge adulte du pr\u00e9nom\u00e8ne&#8230; Conf\u00e9rence Infopresse &#8211; Panel. Quelques mois plus tard, \u00e0 Paris, toujours \u00e0 guichets ferm\u00e9s, 1 000 personnes (en majorit\u00e9 des blogeurs) assistaient \u00e0 Le Web 3, conf\u00e9rence internationale organis\u00e9e par Lo\u00efc Le Meur, vice-pr\u00e9sident Europe de Six Apart. USA et France&#8230; Voil\u00e0 ce qui clochait jusqu&rsquo;\u00e0 date. Pour le fran\u00e7ais, tout se passait en France et pour l&rsquo;anglais aux \u00c9tats-Unis. Au Qu\u00e9bec, en octobre dernier, la conf\u00e9rence webcom-Montr\u00e9al a fait office de r\u00e9v\u00e9lateur en ce domaine en attirant une centaine de personnes et en tentant d&rsquo;expliquer le ph\u00e9nom\u00e8ne. Cette ann\u00e9e, on voit que la graine a pouss\u00e9. Pr\u00e8s de 250 personnes ont investi l&rsquo;Ex-Centris aujourd&rsquo;hui, \u00e0 l&rsquo;instigation d&rsquo;Infopresse, pour se faire parler des applications concr\u00e8tes et [&hellip;]<\/p>\n","protected":false},"author":1,"featured_media":0,"comment_status":"open","ping_status":"open","sticky":false,"template":"","format":"standard","meta":{"_monsterinsights_skip_tracking":false,"_monsterinsights_sitenote_active":false,"_monsterinsights_sitenote_note":"","_monsterinsights_sitenote_category":0,"footnotes":""},"categories":[3,24],"tags":[],"class_list":["post-86","post","type-post","status-publish","format-standard","hentry","category-evenements","category-sites-de-mise-en-relation-sociale"],"_links":{"self":[{"href":"https:\/\/emergenceweb.com\/blog\/wp-json\/wp\/v2\/posts\/86"}],"collection":[{"href":"https:\/\/emergenceweb.com\/blog\/wp-json\/wp\/v2\/posts"}],"about":[{"href":"https:\/\/emergenceweb.com\/blog\/wp-json\/wp\/v2\/types\/post"}],"author":[{"embeddable":true,"href":"https:\/\/emergenceweb.com\/blog\/wp-json\/wp\/v2\/users\/1"}],"replies":[{"embeddable":true,"href":"https:\/\/emergenceweb.com\/blog\/wp-json\/wp\/v2\/comments?post=86"}],"version-history":[{"count":0,"href":"https:\/\/emergenceweb.com\/blog\/wp-json\/wp\/v2\/posts\/86\/revisions"}],"wp:attachment":[{"href":"https:\/\/emergenceweb.com\/blog\/wp-json\/wp\/v2\/media?parent=86"}],"wp:term":[{"taxonomy":"category","embeddable":true,"href":"https:\/\/emergenceweb.com\/blog\/wp-json\/wp\/v2\/categories?post=86"},{"taxonomy":"post_tag","embeddable":true,"href":"https:\/\/emergenceweb.com\/blog\/wp-json\/wp\/v2\/tags?post=86"}],"curies":[{"name":"wp","href":"https:\/\/api.w.org\/{rel}","templated":true}]}}